{"id":3909,"date":"2020-09-16T13:53:53","date_gmt":"2020-09-16T13:53:53","guid":{"rendered":"https:\/\/riff.is\/?p=3909"},"modified":"2020-09-16T13:53:54","modified_gmt":"2020-09-16T13:53:54","slug":"urval-islenskra-kvikmynda-frumsyndar-a-riff","status":"publish","type":"post","link":"https:\/\/riff.is\/en\/urval-islenskra-kvikmynda-frumsyndar-a-riff\/","title":{"rendered":"Selection of Icelandic films premiered at RIFF"},"content":{"rendered":"<p>RIFF is the intersection of Icelandic and foreign film art. The category includes films that have been made by Icelanders, so it is worth noting.<br>Two films from this category will be premiered at the beginning and end of the festival. The films will be shown at B\u00ed\u00f3 Parad\u00eds and online via <a href=\"https:\/\/riff.is\/en\/\" data-type=\"URL\" data-id=\"https:\/\/riff.is\">www.riff.is<\/a> but the Third Pole will premiere at the University Theater.<\/p>\n\n\n\n<p>The subjects of the films could not be much more diverse, but they include a film about circus arts, an unconventional documentary about schizophrenia, a housewife&#039;s school and its value in modern society, and Eurovision as a political force.<\/p>\n\n\n\n<h2 class=\"wp-block-heading\">The Hero&#039;s Journey to the Third Pole<\/h2>\n\n\n\n<p>The opening film of RIFF is a moving documentary about schizophrenia with songs and elephants, directed by Ann\u00ed \u00d3lafsd\u00f3ttir and Andri Sn\u00e6s Magnason. It tells the story of the elephant princess Anna T\u00e1ra and the rock star H\u00f6gni, who have both struggled with schizophrenia, and gives the viewer an insight into the thoughts and realities of two individuals with the disease. This is a travelogue, a film about unexpected friendship and an open discussion about what it means to have a mental illness.<\/p>\n\n\n\n<figure class=\"wp-block-embed-youtube wp-block-embed is-type-video is-provider-youtube wp-embed-aspect-16-9 wp-has-aspect-ratio\"><div class=\"wp-block-embed__wrapper\">\n<iframe title=\"The Hero&#039;s Journey to the Third Pole - a Bipolar Musical Documentary with Elephants.\" width=\"800\" height=\"450\" src=\"https:\/\/www.youtube.com\/embed\/x6RPZtN9Qz4?feature=oembed\" frameborder=\"0\" allow=\"accelerometer; autoplay; clipboard-write; encrypted-media; gyroscope; picture-in-picture; web-share\" referrerpolicy=\"strict-origin-when-cross-origin\" allowfullscreen><\/iframe>\n<\/div><\/figure>\n\n\n\n<h2 class=\"wp-block-heading\">Against The Current<\/h2>\n\n\n\n<p>The festival will conclude with the premiere of director and songwriter \u00d3skar P\u00e1ll Sveinsson&#039;s first full-length documentary. This is a symbolic film about trans woman Veigu Gr\u00e9tarsd\u00f3ttir who kayaks around Iceland counterclockwise, or against the current, for three months. At the same time, she comes to terms with herself in the process of gender reassignment, and the film gives insight into Veigu&#039;s inner struggle for life or death, whether in life itself or alone out on a kayak.<\/p>\n\n\n\n<figure class=\"wp-block-image size-large\"><img fetchpriority=\"high\" decoding=\"async\" width=\"1024\" height=\"683\" src=\"https:\/\/riff.is\/wp-content\/uploads\/2020\/09\/riff-against-the-current-1024x683.jpg\" alt=\"Against the current\" class=\"wp-image-3875\" title=\"\" srcset=\"https:\/\/riff.is\/wp-content\/uploads\/2020\/09\/riff-against-the-current-1024x683.jpg 1024w, https:\/\/riff.is\/wp-content\/uploads\/2020\/09\/riff-against-the-current-300x200.jpg 300w, https:\/\/riff.is\/wp-content\/uploads\/2020\/09\/riff-against-the-current-768x512.jpg 768w, https:\/\/riff.is\/wp-content\/uploads\/2020\/09\/riff-against-the-current-1536x1024.jpg 1536w, https:\/\/riff.is\/wp-content\/uploads\/2020\/09\/riff-against-the-current-600x400.jpg 600w, https:\/\/riff.is\/wp-content\/uploads\/2020\/09\/riff-against-the-current.jpg 1920w\" sizes=\"(max-width: 1024px) 100vw, 1024px\" \/><\/figure>\n\n\n\n<h2 class=\"wp-block-heading\">The Circus Director<\/h2>\n\n\n\n<p>RIFF and Reykjav\u00edk Arts Festival are collaborating to premiere the latest film directed by Helgi Felixson and Titti Johnson. An interesting film about circus director Tilde Bj\u00f6rfors, the director of Circus Cirk\u00f6r, who brought modern circus art to Sweden two decades ago. The film&#039;s central theme is what happens when we stop daring to take risks in life and let fear control us.<\/p>\n\n\n\n<figure class=\"wp-block-image size-large\"><img decoding=\"async\" width=\"1024\" height=\"683\" src=\"https:\/\/riff.is\/wp-content\/uploads\/2020\/09\/the-circus-director-cover-1024x683.jpg\" alt=\"The Circus Director - Sirk\u00adus\u00adstj\u00f3r\u00adinn RIFF\" class=\"wp-image-3918\" title=\"\" srcset=\"https:\/\/riff.is\/wp-content\/uploads\/2020\/09\/the-circus-director-cover-1024x683.jpg 1024w, https:\/\/riff.is\/wp-content\/uploads\/2020\/09\/the-circus-director-cover-300x200.jpg 300w, https:\/\/riff.is\/wp-content\/uploads\/2020\/09\/the-circus-director-cover-768x512.jpg 768w, https:\/\/riff.is\/wp-content\/uploads\/2020\/09\/the-circus-director-cover-1536x1024.jpg 1536w, https:\/\/riff.is\/wp-content\/uploads\/2020\/09\/the-circus-director-cover-600x400.jpg 600w, https:\/\/riff.is\/wp-content\/uploads\/2020\/09\/the-circus-director-cover.jpg 1920w\" sizes=\"(max-width: 1024px) 100vw, 1024px\" \/><\/figure>\n\n\n\n<h2 class=\"wp-block-heading\">Lobster Soup<\/h2>\n\n\n\n<p>A film that comes straight from the San Sebastian Film Festival where it won two awards. The film is directed by Pepe Andreu &amp; Rafael Mol\u00e9s<br>but among the screenwriters are \u00d3lafur R\u00f6gnvaldsson. The setting is the Caf\u00e9<br>The pier in Grindav\u00edk, which serves as a shelter for the townspeople on the last 3000 square meters of building land on the harbor, while the tourists and lava fields seem to be increasingly pushing the entire village out to sea. An intriguing view of Iceland through the eyes of the Spanish filmmakers who have made a name for themselves with their documentary films, which they are very passionate about.<\/p>\n\n\n\n<figure class=\"wp-block-image size-large\"><img decoding=\"async\" width=\"1024\" height=\"683\" src=\"https:\/\/riff.is\/wp-content\/uploads\/2020\/09\/lobster-soup-cover-1024x683.jpg\" alt=\"\" class=\"wp-image-3921\" title=\"\" srcset=\"https:\/\/riff.is\/wp-content\/uploads\/2020\/09\/lobster-soup-cover-1024x683.jpg 1024w, https:\/\/riff.is\/wp-content\/uploads\/2020\/09\/lobster-soup-cover-300x200.jpg 300w, https:\/\/riff.is\/wp-content\/uploads\/2020\/09\/lobster-soup-cover-768x512.jpg 768w, https:\/\/riff.is\/wp-content\/uploads\/2020\/09\/lobster-soup-cover-1536x1024.jpg 1536w, https:\/\/riff.is\/wp-content\/uploads\/2020\/09\/lobster-soup-cover-600x400.jpg 600w, https:\/\/riff.is\/wp-content\/uploads\/2020\/09\/lobster-soup-cover.jpg 1920w\" sizes=\"(max-width: 1024px) 100vw, 1024px\" \/><\/figure>\n\n\n\n<h2 class=\"wp-block-heading\">Separation between heaven and earth<\/h2>\n\n\n\n<p>European premiere of the film Between Heaven and Earth\/\u00c1 milli Himins og Jar\u00f0ar at RIFF, which is nominated for the 2020 European Film Awards as an Icelandic film. The film is produced in collaboration with the Icelandic production company Oktober production and the Palestinian production company Ustura Films. Between Heaven and Earth is a love story about divorce where the viewer gets the opportunity to go on a car trip through Palestine and Israel. The couple&#039;s journey gives us an insight into the various aspects of this society that is torn and torn by millennia-old conflicts and war.<\/p>\n\n\n\n<figure class=\"wp-block-embed-youtube wp-block-embed is-type-video is-provider-youtube wp-embed-aspect-16-9 wp-has-aspect-ratio\"><div class=\"wp-block-embed__wrapper\">\n<iframe title=\"Between Heaven And Earth by Najwa Najjar Trailer \u0628\u064a\u0646 \u0627\u0644\u062c\u0646\u0629 \u0627\u0644\u0639\u0631\u0636 \u0644\u0646\u062c\u0648\u0649 \u0646\u062c\u0627\u0631\" width=\"800\" height=\"450\" src=\"https:\/\/www.youtube.com\/embed\/ku9y-Y9xUZs?feature=oembed\" frameborder=\"0\" allow=\"accelerometer; autoplay; clipboard-write; encrypted-media; gyroscope; picture-in-picture; web-share\" referrerpolicy=\"strict-origin-when-cross-origin\" allowfullscreen><\/iframe>\n<\/div><\/figure>\n\n\n\n<h2 class=\"wp-block-heading\">Sisters: Dreams &amp; Variations<\/h2>\n\n\n\n<p>A European premiere of a colorful film that is all at once a documentary, an animation and a performance. Its director, Catherine Legault, is an award-winning director and editor, and this is her first feature-length documentary. The film tells the story of the fun and artistic sisters Tyr and Jasa, who are fascinated by their great-grandmother&#039;s recordings of Icelandic folk songs. They travel to Iceland together for the first time, and work together on an artistic performance that brings together their artistic creation and cultural heritage.<\/p>\n\n\n\n<figure class=\"wp-block-embed-vimeo wp-block-embed is-type-video is-provider-vimeo wp-embed-aspect-16-9 wp-has-aspect-ratio\"><div class=\"wp-block-embed__wrapper\">\n<iframe title=\"Sisters: Dream &amp; Variations (Trailer)\" src=\"https:\/\/player.vimeo.com\/video\/373040430?dnt=1&amp;app_id=122963\" width=\"800\" height=\"450\" frameborder=\"0\" allow=\"autoplay; fullscreen; picture-in-picture; clipboard-write; encrypted-media\"><\/iframe>\n<\/div><\/figure>\n\n\n\n<h2 class=\"wp-block-heading\">The School of Housewives<\/h2>\n\n\n\n<p>Nordic premiere of the Housewives&#039; School, a unique contemporary source about the Housewives&#039; School in Reykjav\u00edk. The film deals with the vanished world of the Icelandic housewife and how the role of the school has changed over the years. The old days are reflected alongside observations of students at the school today and how much the image of the school has changed. Stefan\u00eda Thors has worked on many films and documentaries, but this is the first documentary she has directed.<\/p>\n\n\n\n<figure class=\"wp-block-embed-vimeo wp-block-embed is-type-video is-provider-vimeo wp-embed-aspect-16-9 wp-has-aspect-ratio\"><div class=\"wp-block-embed__wrapper\">\nhttps:\/\/vimeo.com\/411413765\n<\/div><\/figure>\n\n\n\n<h2 class=\"wp-block-heading\">A Song Called Hate<\/h2>\n\n\n\n<p>Hatri\u00f0 is the directorial debut of Anna Hildur Hildibrandsd\u00f3ttir, who recently turned to filmmaking after working in the music industry for two decades. The film follows the band&#039;s journey through the nooks and crannies of Eurovision, Israel, and Palestine. The film follows the tensions and questions that arose along the way, and interviews the band members before and after their performances were seen by two hundred million people on television. The film provides a realistic insight into how Hatri dealt with this enormous, often very personal, project, and shows how the journey changed their mindset and outlook on life.<\/p>\n\n\n\n<figure class=\"wp-block-embed-vimeo wp-block-embed is-type-video is-provider-vimeo wp-embed-aspect-16-9 wp-has-aspect-ratio\"><div class=\"wp-block-embed__wrapper\">\n<iframe title=\"A Song Called Hate - Trailer\" src=\"https:\/\/player.vimeo.com\/video\/418356904?dnt=1&amp;app_id=122963\" width=\"800\" height=\"450\" frameborder=\"0\" allow=\"autoplay; fullscreen; picture-in-picture; clipboard-write; encrypted-media\"><\/iframe>\n<\/div><\/figure>\n\n\n\n<h2 class=\"wp-block-heading\">Shadowtown<\/h2>\n\n\n\n<p>The premiere of Skuggahverfinu is the first feature film that J\u00f3n Einarsson G\u00fastafsson and Karolina Lewicka have worked on together. The film&#039;s main actress is the western Icelandic Brittany Bristow, but the film also stars the world-renowned actor John Rhys-Davies, who is familiar to Icelanders from The Lord of the Rings and Indiana Jones films. Icelandic actors include Edda Bj\u00f6rgvinsd\u00f3ttir, Inga Mar\u00eda Eyj\u00f3lfsd\u00f3ttir and R\u00fanar Freyr G\u00edslason. Skuggahverfinu is a dramatic film with a creepy twist.<\/p>\n\n\n\n<figure class=\"wp-block-embed-vimeo wp-block-embed is-type-video is-provider-vimeo wp-embed-aspect-21-9 wp-has-aspect-ratio\"><div class=\"wp-block-embed__wrapper\">\nhttps:\/\/vimeo.com\/454508756\n<\/div><\/figure>","protected":false},"excerpt":{"rendered":"<p>RIFF er skur\u00f0punktur \u00edslenskrar og erlendrar kvikmyndalistar. \u00cd flokknum er a\u00f0 finna kvikmyndir sem \u00cdslendingar hafa komi\u00f0 a\u00f0 svo eftir er teki\u00f0.Vi\u00f0 upphaf og lok h\u00e1t\u00ed\u00f0arinnar ver\u00f0a frums\u00fdndar tv\u00e6r myndir [&hellip;]<\/p>\n","protected":false},"author":893,"featured_media":3923,"comment_status":"closed","ping_status":"open","sticky":false,"template":"","format":"standard","meta":{"_monsterinsights_skip_tracking":false,"_monsterinsights_sitenote_active":false,"_monsterinsights_sitenote_note":"","_monsterinsights_sitenote_category":0,"_price":"","_stock":"","_tribe_ticket_header":"","_tribe_default_ticket_provider":"","_tribe_ticket_capacity":"0","_ticket_start_date":"","_ticket_end_date":"","_tribe_ticket_show_description":"","_tribe_ticket_show_not_going":false,"_tribe_ticket_use_global_stock":"","_tribe_ticket_global_stock_level":"","_global_stock_mode":"","_global_stock_cap":"","_tribe_rsvp_for_event":"","_tribe_ticket_going_count":"","_tribe_ticket_not_going_count":"","_tribe_tickets_list":"[]","_tribe_ticket_has_attendee_info_fields":false,"footnotes":"","_tec_slr_enabled":"","_tec_slr_layout":""},"categories":[154],"tags":[],"class_list":["post-3909","post","type-post","status-publish","format-standard","has-post-thumbnail","hentry","category-frettatilkynningar"],"ticketed":false,"_links":{"self":[{"href":"https:\/\/riff.is\/en\/wp-json\/wp\/v2\/posts\/3909","targetHints":{"allow":["GET"]}}],"collection":[{"href":"https:\/\/riff.is\/en\/wp-json\/wp\/v2\/posts"}],"about":[{"href":"https:\/\/riff.is\/en\/wp-json\/wp\/v2\/types\/post"}],"author":[{"embeddable":true,"href":"https:\/\/riff.is\/en\/wp-json\/wp\/v2\/users\/893"}],"replies":[{"embeddable":true,"href":"https:\/\/riff.is\/en\/wp-json\/wp\/v2\/comments?post=3909"}],"version-history":[{"count":1,"href":"https:\/\/riff.is\/en\/wp-json\/wp\/v2\/posts\/3909\/revisions"}],"predecessor-version":[{"id":3925,"href":"https:\/\/riff.is\/en\/wp-json\/wp\/v2\/posts\/3909\/revisions\/3925"}],"wp:featuredmedia":[{"embeddable":true,"href":"https:\/\/riff.is\/en\/wp-json\/wp\/v2\/media\/3923"}],"wp:attachment":[{"href":"https:\/\/riff.is\/en\/wp-json\/wp\/v2\/media?parent=3909"}],"wp:term":[{"taxonomy":"category","embeddable":true,"href":"https:\/\/riff.is\/en\/wp-json\/wp\/v2\/categories?post=3909"},{"taxonomy":"post_tag","embeddable":true,"href":"https:\/\/riff.is\/en\/wp-json\/wp\/v2\/tags?post=3909"}],"curies":[{"name":"wp","href":"https:\/\/api.w.org\/{rel}","templated":true}]}}