{"id":47413,"date":"2023-07-05T20:00:54","date_gmt":"2023-07-05T20:00:54","guid":{"rendered":"https:\/\/riff.is\/?p=47413"},"modified":"2023-07-05T16:28:39","modified_gmt":"2023-07-05T16:28:39","slug":"haskolabio-adalsyningarhus-riff-i-haust","status":"publish","type":"post","link":"https:\/\/riff.is\/en\/haskolabio-adalsyningarhus-riff-i-haust\/","title":{"rendered":"H\u00c1SK\u00d3LAB\u00cd\u00d3 WILL BE THE MAIN CINEMA OF RIFF"},"content":{"rendered":"<p class=\"translation-block\">It is with great joy that we are announcing that we announce that H\u00e1sk\u00f3lab\u00ed\u00f3 will become the main cinema venue for RIFF, the Reykjavik International Film Festival, which will be held for the twentieth time from <strong>September 28th to October 8th<\/strong>.<\/p>\n<figure id=\"attachment_47422\" aria-describedby=\"caption-attachment-47422\" style=\"width: 539px\" class=\"wp-caption alignright\"><img fetchpriority=\"high\" decoding=\"async\" class=\"wp-image-47422\" src=\"https:\/\/riff.is\/wp-content\/uploads\/2023\/07\/AldisAmah-1024x684.jpg\" alt=\"\" width=\"539\" height=\"360\" title=\"\" srcset=\"https:\/\/riff.is\/wp-content\/uploads\/2023\/07\/AldisAmah-1024x684.jpg 1024w, https:\/\/riff.is\/wp-content\/uploads\/2023\/07\/AldisAmah-300x200.jpg 300w, https:\/\/riff.is\/wp-content\/uploads\/2023\/07\/AldisAmah-768x513.jpg 768w, https:\/\/riff.is\/wp-content\/uploads\/2023\/07\/AldisAmah-1536x1025.jpg 1536w, https:\/\/riff.is\/wp-content\/uploads\/2023\/07\/AldisAmah-600x400.jpg 600w, https:\/\/riff.is\/wp-content\/uploads\/2023\/07\/AldisAmah.jpg 1920w\" sizes=\"(max-width: 539px) 100vw, 539px\" \/><figcaption id=\"caption-attachment-47422\" class=\"wp-caption-text\">Ald\u00eds Amah Hamilton at RIFF 2022 opening ceremony<\/figcaption><\/figure>\n<p>The building will come back to life during those 11 days when RIFF showcases numerous brand-new films from all corners of the world during the festival.\n\nThus festival goers will be offered a unique opportunity to see movies in the venue once again, as regular film screenings have ceased in the cinema in recent months.<\/p>\n<p>RIFF also had screenings in all the auditoriums of H\u00e1sk\u00f3lab\u00ed\u00f3 last year which proved very successful so the festival is eager to continue its collaboration with the theater.<\/p>\n<p class=\"translation-block\">RIFF will also organize events and film screenings in the Nordic House, as well as in various locations throughout the city under the RIFF banner. Other venues will also include libraries, nursing homes, and other cultural venues around Reykjav\u00edk.<\/p>\n<p>&nbsp;<\/p>\n<p><strong>H\u00e1sk\u00f3lab\u00ed\u00f3 continues to be a cultural center.<\/strong><\/p>\n<p class=\"translation-block\">According to <strong>\u00deorvaldur Kolbeins, the managing director of H\u00e1sk\u00f3lab\u00ed\u00f3<\/strong>, there is great anticipation for RIFF, and the plan is to continue hosting various cultural events in the venue. \u2018H\u00e1sk\u00f3lab\u00ed\u00f3 will continue to be a large and enjoyable entertainment venue,\u201d he says but the theater has a long history as a cultural hub in Reykjavik.<\/p>\n<p class=\"translation-block\">The venue will be decorated anew for the festival, and everything will be done to provide the warmest welcome for RIFF guests, in collaboration with G\u00f3\u00f0i Hir\u00f0irinn, in line with the festival\u2019s environmentally friendly approach.<\/p>\n<p class=\"translation-block\">RIFF also had similar screenings at H\u00e1sk\u00f3lab\u00ed\u00f3 last year, and according to<strong> Hr\u00f6nn Mar\u00edn\u00f3sd\u00f3ttir, the director of RIFF<\/strong>, ticket sales increased over the years. She says, \u2018We are truly excited to continue at H\u00e1sk\u00f3lab\u00ed\u00f3 since the venue holds special importance in the history of Icelandic cinema.\u2019<\/p>\n<p>&nbsp;<\/p>\n<p><strong>General information about H\u00e1sk\u00f3lab\u00ed\u00f3.<\/strong><\/p>\n<figure id=\"attachment_47415\" aria-describedby=\"caption-attachment-47415\" style=\"width: 618px\" class=\"wp-caption alignright\"><img decoding=\"async\" class=\"wp-image-47415\" src=\"https:\/\/riff.is\/wp-content\/uploads\/2023\/07\/HronnMarinos-Haskolabio-1024x731.jpg\" alt=\"\" width=\"618\" height=\"441\" title=\"\" srcset=\"https:\/\/riff.is\/wp-content\/uploads\/2023\/07\/HronnMarinos-Haskolabio-1024x731.jpg 1024w, https:\/\/riff.is\/wp-content\/uploads\/2023\/07\/HronnMarinos-Haskolabio-300x214.jpg 300w, https:\/\/riff.is\/wp-content\/uploads\/2023\/07\/HronnMarinos-Haskolabio-768x548.jpg 768w, https:\/\/riff.is\/wp-content\/uploads\/2023\/07\/HronnMarinos-Haskolabio-1536x1097.jpg 1536w, https:\/\/riff.is\/wp-content\/uploads\/2023\/07\/HronnMarinos-Haskolabio-600x428.jpg 600w, https:\/\/riff.is\/wp-content\/uploads\/2023\/07\/HronnMarinos-Haskolabio.jpg 1553w\" sizes=\"(max-width: 618px) 100vw, 618px\" \/><figcaption id=\"caption-attachment-47415\" class=\"wp-caption-text\">Hr\u00f6nn Mar\u00edn\u00f3sd\u00f3ttir director at RIFF in front of H\u00e1sk\u00f3lab\u00ed\u00f3<\/figcaption><\/figure>\n<p>H\u00e1sk\u00f3lab\u00ed\u00f3 has operated as a cinema since 1961, with SENA managing its operations since 2007.<\/p>\n<p>The contract with SENA expires at the end of June, and regular screenings have therefore been discontinued.<\/p>\n<p>The venue has long been one of Reykjavik\u2019s main cultural hubs. It served as the main concert hall for the Iceland Symphony Orchestra for some years until Harpa Concert Hall was inaugurated in 2011. Many fond memories are associated with this historic venue, which will continue to be a center of culture.<\/p>","protected":false},"excerpt":{"rendered":"<p>\u00dea\u00f0 eru mikil gle\u00f0it\u00ed\u00f0indi a\u00f0 H\u00e1sk\u00f3lab\u00ed\u00f3 ver\u00f0ur a\u00f0alb\u00ed\u00f3h\u00fas RIFF, Al\u00fej\u00f3\u00f0legrar kvikmyndah\u00e1t\u00ed\u00f0ar \u00ed Reykjav\u00edk, \u00ed haust. H\u00fasi\u00f0 mun i\u00f0a af l\u00edfi \u00feessa 11 daga en til stendur a\u00f0 s\u00fdna fj\u00f6ldamargar splunkun\u00fdjar [&hellip;]<\/p>\n","protected":false},"author":893,"featured_media":47420,"comment_status":"closed","ping_status":"open","sticky":false,"template":"","format":"standard","meta":{"_monsterinsights_skip_tracking":false,"_monsterinsights_sitenote_active":false,"_monsterinsights_sitenote_note":"","_monsterinsights_sitenote_category":0,"_price":"","_stock":"","_tribe_ticket_header":"","_tribe_default_ticket_provider":"","_tribe_ticket_capacity":"0","_ticket_start_date":"","_ticket_end_date":"","_tribe_ticket_show_description":"","_tribe_ticket_show_not_going":false,"_tribe_ticket_use_global_stock":"","_tribe_ticket_global_stock_level":"","_global_stock_mode":"","_global_stock_cap":"","_tribe_rsvp_for_event":"","_tribe_ticket_going_count":"","_tribe_ticket_not_going_count":"","_tribe_tickets_list":"[]","_tribe_ticket_has_attendee_info_fields":false,"footnotes":"","_tec_slr_enabled":"","_tec_slr_layout":""},"categories":[153],"tags":[684,677,685],"class_list":["post-47413","post","type-post","status-publish","format-standard","has-post-thumbnail","hentry","category-frettir","tag-haskolabio","tag-riff","tag-riff-20-ara"],"ticketed":false,"_links":{"self":[{"href":"https:\/\/riff.is\/en\/wp-json\/wp\/v2\/posts\/47413","targetHints":{"allow":["GET"]}}],"collection":[{"href":"https:\/\/riff.is\/en\/wp-json\/wp\/v2\/posts"}],"about":[{"href":"https:\/\/riff.is\/en\/wp-json\/wp\/v2\/types\/post"}],"author":[{"embeddable":true,"href":"https:\/\/riff.is\/en\/wp-json\/wp\/v2\/users\/893"}],"replies":[{"embeddable":true,"href":"https:\/\/riff.is\/en\/wp-json\/wp\/v2\/comments?post=47413"}],"version-history":[{"count":5,"href":"https:\/\/riff.is\/en\/wp-json\/wp\/v2\/posts\/47413\/revisions"}],"predecessor-version":[{"id":47428,"href":"https:\/\/riff.is\/en\/wp-json\/wp\/v2\/posts\/47413\/revisions\/47428"}],"wp:featuredmedia":[{"embeddable":true,"href":"https:\/\/riff.is\/en\/wp-json\/wp\/v2\/media\/47420"}],"wp:attachment":[{"href":"https:\/\/riff.is\/en\/wp-json\/wp\/v2\/media?parent=47413"}],"wp:term":[{"taxonomy":"category","embeddable":true,"href":"https:\/\/riff.is\/en\/wp-json\/wp\/v2\/categories?post=47413"},{"taxonomy":"post_tag","embeddable":true,"href":"https:\/\/riff.is\/en\/wp-json\/wp\/v2\/tags?post=47413"}],"curies":[{"name":"wp","href":"https:\/\/api.w.org\/{rel}","templated":true}]}}