{"id":49391,"date":"2023-09-06T14:25:33","date_gmt":"2023-09-06T14:25:33","guid":{"rendered":"https:\/\/riff.is\/?p=49391"},"modified":"2023-09-06T14:27:38","modified_gmt":"2023-09-06T14:27:38","slug":"kvikmyndir-og-tonlist-sameina-okkur-an-orda","status":"publish","type":"post","link":"https:\/\/riff.is\/en\/kvikmyndir-og-tonlist-sameina-okkur-an-orda\/","title":{"rendered":"\"Waiting for the gift of sound and vision\""},"content":{"rendered":"<h4 style=\"text-align: center;\"><b>Cinema Beats \/\/ RIFF 2023<\/b><\/h4>\n<p>&nbsp;<\/p>\n<p class=\"translation-block\">RIFF 2023 proudly presents the category Cinema Beats where special emphasis is placed on films that prioritise music in their storytelling.<\/p>\n<p><span style=\"font-weight: 400;\">Such films have a special category at the festival as we at RIFF feel that music plays a key role in our lives and daily culture. Music, like movies, can express emotions and ideas without words and can bring people together by simply getting their hearts to beat in unison.\u00a0<\/span><\/p>\n<p><span style=\"font-weight: 400;\">In this category, a particular focus is placed on documentary films that provide insight into the lives of musicians and their cultural world, taking viewers on a journey to specific times and places with a captivating blend of music and imagery.\u00a0<\/span><\/p>\n<p class=\"translation-block\">It is worth noting that many distinguished guests will attend RIFF to present their films. Brooklyn Sudano, daughter of Donna Summer, will come to Iceland to present her film \"Love to Love You, Donna Summer.\" Additionally, Sophie Blondy will be in attendance to screen her documentary \"Tell Me Iggy,\" which explores the punk legend Iggy Pop.<\/p>\n<p class=\"translation-block\">J\u00f8rgen Leth and Andreas Koefoed will also be present to showcase their film \"Music for Black Pigeons,\" a documentary following the 14-year journey of composer Jakob Bro as he collaborates with some of the most renowned jazz musicians of our time. A must-see movie for all jazz enthusiasts.<\/p>\n<p>&nbsp;<\/p>\n<p><img fetchpriority=\"high\" decoding=\"async\" class=\"alignnone size-medium wp-image-49395\" src=\"https:\/\/riff.is\/wp-content\/uploads\/2023\/09\/riff-2023-love-to-love-you-donna-summer-still-hi-res-0-1963157-300x215.jpeg\" alt=\"\" width=\"300\" height=\"215\" title=\"\" srcset=\"https:\/\/riff.is\/wp-content\/uploads\/2023\/09\/riff-2023-love-to-love-you-donna-summer-still-hi-res-0-1963157-300x215.jpeg 300w, https:\/\/riff.is\/wp-content\/uploads\/2023\/09\/riff-2023-love-to-love-you-donna-summer-still-hi-res-0-1963157-1024x734.jpeg 1024w, https:\/\/riff.is\/wp-content\/uploads\/2023\/09\/riff-2023-love-to-love-you-donna-summer-still-hi-res-0-1963157-768x550.jpeg 768w, https:\/\/riff.is\/wp-content\/uploads\/2023\/09\/riff-2023-love-to-love-you-donna-summer-still-hi-res-0-1963157-1536x1101.jpeg 1536w, https:\/\/riff.is\/wp-content\/uploads\/2023\/09\/riff-2023-love-to-love-you-donna-summer-still-hi-res-0-1963157-18x12.jpeg 18w, https:\/\/riff.is\/wp-content\/uploads\/2023\/09\/riff-2023-love-to-love-you-donna-summer-still-hi-res-0-1963157-600x430.jpeg 600w, https:\/\/riff.is\/wp-content\/uploads\/2023\/09\/riff-2023-love-to-love-you-donna-summer-still-hi-res-0-1963157.jpeg 1920w\" sizes=\"(max-width: 300px) 100vw, 300px\" \/><\/p>\n<h3><b><i>Love to Love You, Donna Summer<\/i><\/b><\/h3>\n<h4><span style=\"font-weight: 400;\">Roger Ross Williams, Brooklyn Sudano, US, 2023, 105 min<\/span><\/h4>\n<p><span style=\"font-weight: 400;\">Berlinale Documentary Award: Nomination \/ Nomination<\/span><\/p>\n<p><span style=\"font-weight: 400;\">A multifaceted portrait of Donna Summer the woman, artist, wife, and mother whose voice transformed the history of music. This compilation of unique, previously unseen recordings, videos, photographs, artworks, personal audio recordings, and more offers a vibrant testament to the life and artistry of one of the greatest music performers of all time.<\/span><\/p>\n<p class=\"translation-block\">Brooklyn Sudano, daughter of Donna Summer will attend the screening at RIFF 2023.<\/p>\n<p><b>Trailer: <\/b><a href=\"https:\/\/www.youtube.com\/watch?v=xQXInltKe8E\" rel=\"nofollow noopener\" target=\"_blank\"><span style=\"font-weight: 400;\">https:\/\/www.youtube.com\/watch?v=xQXInltKe8E<\/span><\/a><\/p>\n<p><img decoding=\"async\" class=\"alignnone size-medium wp-image-49400\" src=\"https:\/\/riff.is\/wp-content\/uploads\/2023\/09\/riff-2023-max-roach-the-drum-also-waltzes-still-hi-res-0-1964885-300x169.jpeg\" alt=\"\" width=\"300\" height=\"169\" title=\"\" srcset=\"https:\/\/riff.is\/wp-content\/uploads\/2023\/09\/riff-2023-max-roach-the-drum-also-waltzes-still-hi-res-0-1964885-300x169.jpeg 300w, https:\/\/riff.is\/wp-content\/uploads\/2023\/09\/riff-2023-max-roach-the-drum-also-waltzes-still-hi-res-0-1964885-1024x576.jpeg 1024w, https:\/\/riff.is\/wp-content\/uploads\/2023\/09\/riff-2023-max-roach-the-drum-also-waltzes-still-hi-res-0-1964885-768x432.jpeg 768w, https:\/\/riff.is\/wp-content\/uploads\/2023\/09\/riff-2023-max-roach-the-drum-also-waltzes-still-hi-res-0-1964885-1536x864.jpeg 1536w, https:\/\/riff.is\/wp-content\/uploads\/2023\/09\/riff-2023-max-roach-the-drum-also-waltzes-still-hi-res-0-1964885-18x10.jpeg 18w, https:\/\/riff.is\/wp-content\/uploads\/2023\/09\/riff-2023-max-roach-the-drum-also-waltzes-still-hi-res-0-1964885-600x338.jpeg 600w, https:\/\/riff.is\/wp-content\/uploads\/2023\/09\/riff-2023-max-roach-the-drum-also-waltzes-still-hi-res-0-1964885.jpeg 1920w\" sizes=\"(max-width: 300px) 100vw, 300px\" \/><\/p>\n<h3><b><i>Max Roach: The Drum Also Waltzes<\/i><\/b><\/h3>\n<h4><span style=\"font-weight: 400;\">Sam Pollard, Ben Shapiro, US, 2023, 82 min<\/span><\/h4>\n<p>&nbsp;<\/p>\n<p><span style=\"font-weight: 400;\">The film explores the life and music of the legendary drummer, composer, bandleader, and activist Max Roach through an incredible series of creative breakthroughs, setbacks, and rediscoveries. Audiences are taken on a journey from the Jim Crow era to the civil rights struggle of the African American community, with a focus on the modern jazz of the post-war years, hip-hop music, and beyond.<\/span><\/p>\n<p><b>About the film: <\/b><a href=\"https:\/\/www.pbs.org\/wnet\/americanmasters\/max-roach-the-drum-also-waltzes-film\/26469\/\" rel=\"nofollow noopener\" target=\"_blank\"><span style=\"font-weight: 400;\">https:\/\/www.pbs.org\/wnet\/americanmasters\/max-roach-the-drum-also-waltzes-film\/26469<\/span><\/a><\/p>\n<p><img decoding=\"async\" class=\"alignnone size-medium wp-image-49397\" src=\"https:\/\/riff.is\/wp-content\/uploads\/2023\/09\/riff-2023-music-for-black-pigeons-still-hi-res-0-1954631-300x126.jpeg\" alt=\"\" width=\"300\" height=\"126\" title=\"\" srcset=\"https:\/\/riff.is\/wp-content\/uploads\/2023\/09\/riff-2023-music-for-black-pigeons-still-hi-res-0-1954631-300x126.jpeg 300w, https:\/\/riff.is\/wp-content\/uploads\/2023\/09\/riff-2023-music-for-black-pigeons-still-hi-res-0-1954631-1024x429.jpeg 1024w, https:\/\/riff.is\/wp-content\/uploads\/2023\/09\/riff-2023-music-for-black-pigeons-still-hi-res-0-1954631-768x322.jpeg 768w, https:\/\/riff.is\/wp-content\/uploads\/2023\/09\/riff-2023-music-for-black-pigeons-still-hi-res-0-1954631-1536x643.jpeg 1536w, https:\/\/riff.is\/wp-content\/uploads\/2023\/09\/riff-2023-music-for-black-pigeons-still-hi-res-0-1954631-18x8.jpeg 18w, https:\/\/riff.is\/wp-content\/uploads\/2023\/09\/riff-2023-music-for-black-pigeons-still-hi-res-0-1954631-600x251.jpeg 600w, https:\/\/riff.is\/wp-content\/uploads\/2023\/09\/riff-2023-music-for-black-pigeons-still-hi-res-0-1954631.jpeg 1920w\" sizes=\"(max-width: 300px) 100vw, 300px\" \/><\/p>\n<h3><b><i>Music for Black Pigeons<\/i><\/b><\/h3>\n<h4><span style=\"font-weight: 400;\">J\u00f8rgen Leth, Andreas Koefoed, DK, 2022, 92 min<\/span><\/h4>\n<p><span style=\"font-weight: 400;\">Venice: World premiere<\/span><\/p>\n<p><span style=\"font-weight: 400;\">Documentary masters J\u00f8rgen Leth and Andreas Koefoed followed Danish composer Jakob Bro for 14 years across North America, Europe, and Japan, witnessing his evolution in music. The result is a music documentary that delves into the lives of some of the most famous and prolific jazz musicians of today including Bill Frisell, Lee Konitz, Paul Motian, and Midori Takada.<\/span><\/p>\n<p><b>Trailer<\/b><span style=\"font-weight: 400;\">: <\/span><a href=\"https:\/\/www.youtube.com\/watch?v=YI07dp_pFsU\" rel=\"nofollow noopener\" target=\"_blank\"><span style=\"font-weight: 400;\">https:\/\/www.youtube.com\/watch?v=YI07dp_pFsU<\/span><\/a><\/p>\n<p><img loading=\"lazy\" decoding=\"async\" class=\"alignnone size-medium wp-image-49398\" src=\"https:\/\/riff.is\/wp-content\/uploads\/2023\/09\/riff-2023-tell-me-iggy-still-lo-res-0-1987181-300x169.jpeg\" alt=\"\" width=\"300\" height=\"169\" title=\"\" srcset=\"https:\/\/riff.is\/wp-content\/uploads\/2023\/09\/riff-2023-tell-me-iggy-still-lo-res-0-1987181-300x169.jpeg 300w, https:\/\/riff.is\/wp-content\/uploads\/2023\/09\/riff-2023-tell-me-iggy-still-lo-res-0-1987181-1024x576.jpeg 1024w, https:\/\/riff.is\/wp-content\/uploads\/2023\/09\/riff-2023-tell-me-iggy-still-lo-res-0-1987181-768x432.jpeg 768w, https:\/\/riff.is\/wp-content\/uploads\/2023\/09\/riff-2023-tell-me-iggy-still-lo-res-0-1987181-1536x864.jpeg 1536w, https:\/\/riff.is\/wp-content\/uploads\/2023\/09\/riff-2023-tell-me-iggy-still-lo-res-0-1987181-18x10.jpeg 18w, https:\/\/riff.is\/wp-content\/uploads\/2023\/09\/riff-2023-tell-me-iggy-still-lo-res-0-1987181-600x338.jpeg 600w, https:\/\/riff.is\/wp-content\/uploads\/2023\/09\/riff-2023-tell-me-iggy-still-lo-res-0-1987181.jpeg 1920w\" sizes=\"(max-width: 300px) 100vw, 300px\" \/><\/p>\n<h3><b><i>Tell Me Iggy<\/i><\/b><\/h3>\n<h4><span style=\"font-weight: 400;\">Sophie Blondy, FR, 2022, 52 min<\/span><\/h4>\n<p>&nbsp;<\/p>\n<p><span style=\"font-weight: 400;\">A personal documentary about the rock legend Iggy Pop, recorded in Europe and the United States for Canal+. The film allows viewers to follow the 76-year-old artist, who continues to perform worldwide, through interviews with his friends and collaborators, including John Waters, Johnny Depp, Debbie Harry and Blondie, Denis Lavant, Pierre &amp; Gilles, and his producer Alain Lahana.<\/span><\/p>\n<p><b>Trailer<\/b><span style=\"font-weight: 400;\">: <\/span><a href=\"https:\/\/www.themoviedb.org\/movie\/977402-tell-me-iggy#play=704076292\" rel=\"nofollow noopener\" target=\"_blank\"><span style=\"font-weight: 400;\">https:\/\/www.themoviedb.org\/movie\/977402-tell-me-iggy#play=704076292<\/span><\/a><\/p>\n<p><img loading=\"lazy\" decoding=\"async\" class=\"alignnone size-medium wp-image-49399\" src=\"https:\/\/riff.is\/wp-content\/uploads\/2023\/09\/riff-2023-the-klezmer-project-still-hi-res-0-1954620-300x161.jpeg\" alt=\"\" width=\"300\" height=\"161\" title=\"\" srcset=\"https:\/\/riff.is\/wp-content\/uploads\/2023\/09\/riff-2023-the-klezmer-project-still-hi-res-0-1954620-300x161.jpeg 300w, https:\/\/riff.is\/wp-content\/uploads\/2023\/09\/riff-2023-the-klezmer-project-still-hi-res-0-1954620-1024x549.jpeg 1024w, https:\/\/riff.is\/wp-content\/uploads\/2023\/09\/riff-2023-the-klezmer-project-still-hi-res-0-1954620-768x412.jpeg 768w, https:\/\/riff.is\/wp-content\/uploads\/2023\/09\/riff-2023-the-klezmer-project-still-hi-res-0-1954620-1536x823.jpeg 1536w, https:\/\/riff.is\/wp-content\/uploads\/2023\/09\/riff-2023-the-klezmer-project-still-hi-res-0-1954620-18x10.jpeg 18w, https:\/\/riff.is\/wp-content\/uploads\/2023\/09\/riff-2023-the-klezmer-project-still-hi-res-0-1954620-600x322.jpeg 600w, https:\/\/riff.is\/wp-content\/uploads\/2023\/09\/riff-2023-the-klezmer-project-still-hi-res-0-1954620.jpeg 1920w\" sizes=\"(max-width: 300px) 100vw, 300px\" \/><\/p>\n<h3><b><i>The Klezmer Project \/ Adentro m\u00edo estoy bailando<\/i><\/b><\/h3>\n<h4><span style=\"font-weight: 400;\">Leandro Koch, Paloma Schachmann, AR, AT, 2023, 115 min<\/span><\/h4>\n<p><span style=\"font-weight: 400;\">Berlinale GWFF: Best First Feature<\/span><\/p>\n<p><span style=\"font-weight: 400;\">Argentinian filmmaker Leandro is tasked with documenting a Jewish wedding. During one such wedding, he falls in love with Paloma, a klezmer clarinetist. To win her over, Leandro pretends to make a documentary about traditional Yiddish folk music. However, what Leandro doesn't know is that his \"fake\" film project will take him on an unexpected journey through Eastern Europe in search of the last klezmer melodies.<\/span><\/p>\n<p><b>Trailer<\/b><span style=\"font-weight: 400;\">: <\/span><a href=\"https:\/\/www.youtube.com\/watch?v=3JivjokgWyo\" rel=\"nofollow noopener\" target=\"_blank\"><span style=\"font-weight: 400;\">https:\/\/www.youtube.com\/watch?v=3JivjokgWyo<\/span><\/a><\/p>","protected":false},"excerpt":{"rendered":"<p>T\u00f3nlistarmyndir (Cinema Beats) \/\/ RIFF 2023 &nbsp; RIFF 2023 kynnir me\u00f0 stolti flokkinn T\u00f3nlistarmyndir (Cinema Beats) \u00fear sem s\u00e9rst\u00f6k \u00e1hersla er l\u00f6g\u00f0 \u00e1 myndir sem hafa t\u00f3nlist \u00ed forgrunni.\u00a0 Sl\u00edkar [&hellip;]<\/p>\n","protected":false},"author":893,"featured_media":49398,"comment_status":"closed","ping_status":"open","sticky":false,"template":"","format":"standard","meta":{"_monsterinsights_skip_tracking":false,"_monsterinsights_sitenote_active":false,"_monsterinsights_sitenote_note":"","_monsterinsights_sitenote_category":0,"_price":"","_stock":"","_tribe_ticket_header":"","_tribe_default_ticket_provider":"","_tribe_ticket_capacity":"0","_ticket_start_date":"","_ticket_end_date":"","_tribe_ticket_show_description":"","_tribe_ticket_show_not_going":false,"_tribe_ticket_use_global_stock":"","_tribe_ticket_global_stock_level":"","_global_stock_mode":"","_global_stock_cap":"","_tribe_rsvp_for_event":"","_tribe_ticket_going_count":"","_tribe_ticket_not_going_count":"","_tribe_tickets_list":"[]","_tribe_ticket_has_attendee_info_fields":false,"footnotes":"","_tec_slr_enabled":"","_tec_slr_layout":""},"categories":[153],"tags":[],"class_list":["post-49391","post","type-post","status-publish","format-standard","has-post-thumbnail","hentry","category-frettir"],"ticketed":false,"_links":{"self":[{"href":"https:\/\/riff.is\/en\/wp-json\/wp\/v2\/posts\/49391","targetHints":{"allow":["GET"]}}],"collection":[{"href":"https:\/\/riff.is\/en\/wp-json\/wp\/v2\/posts"}],"about":[{"href":"https:\/\/riff.is\/en\/wp-json\/wp\/v2\/types\/post"}],"author":[{"embeddable":true,"href":"https:\/\/riff.is\/en\/wp-json\/wp\/v2\/users\/893"}],"replies":[{"embeddable":true,"href":"https:\/\/riff.is\/en\/wp-json\/wp\/v2\/comments?post=49391"}],"version-history":[{"count":4,"href":"https:\/\/riff.is\/en\/wp-json\/wp\/v2\/posts\/49391\/revisions"}],"predecessor-version":[{"id":49402,"href":"https:\/\/riff.is\/en\/wp-json\/wp\/v2\/posts\/49391\/revisions\/49402"}],"wp:featuredmedia":[{"embeddable":true,"href":"https:\/\/riff.is\/en\/wp-json\/wp\/v2\/media\/49398"}],"wp:attachment":[{"href":"https:\/\/riff.is\/en\/wp-json\/wp\/v2\/media?parent=49391"}],"wp:term":[{"taxonomy":"category","embeddable":true,"href":"https:\/\/riff.is\/en\/wp-json\/wp\/v2\/categories?post=49391"},{"taxonomy":"post_tag","embeddable":true,"href":"https:\/\/riff.is\/en\/wp-json\/wp\/v2\/tags?post=49391"}],"curies":[{"name":"wp","href":"https:\/\/api.w.org\/{rel}","templated":true}]}}