{"id":62318,"date":"2025-06-10T12:37:13","date_gmt":"2025-06-10T12:37:13","guid":{"rendered":"https:\/\/riff.is\/?p=62318"},"modified":"2025-06-10T12:37:14","modified_gmt":"2025-06-10T12:37:14","slug":"stelpur-filma-a-riff-2025","status":"publish","type":"post","link":"https:\/\/riff.is\/en\/stelpur-filma-a-riff-2025\/","title":{"rendered":"Stelpur filma! \u00c1 RIFF 2025"},"content":{"rendered":"<p><\/p>\n\n\n\n<p>\u00cd tengslum vi\u00f0 stefnu RIFF a\u00f0 stu\u00f0la a\u00f0 aukinni \u00fe\u00e1ttt\u00f6ku ungs f\u00f3lks st\u00f3\u00f0 Al\u00fej\u00f3\u00f0leg kvikmyndah\u00e1t\u00ed\u00f0 \u00ed Reykjav\u00edk a\u00f0 verkefninu <em>Girls film!<\/em>, sem innbl\u00e1si\u00f0 er af t\u00f3nlistarframtakinu <em>Stelpur rokka!<\/em><\/p>\n\n\n\n<p><em>Girls film!<\/em> er hagn\u00fdtt, vikulangt kvikmyndasmi\u00f0jun\u00e1mskei\u00f0 undir lei\u00f0s\u00f6gn hinnar \u00feekktu og virtu kvikmyndager\u00f0arkonu Veru S\u00f6lvad\u00f3ttur. \u00der\u00e1tt fyrir a\u00f0 \u00cdsland teljist framarlega \u00ed jafnr\u00e9ttism\u00e1lum eru margir \u00fe\u00e6ttir sem stu\u00f0la a\u00f0 kynjahalla \u00ed kvikmyndager\u00f0 \u2013 \u00fear \u00e1 me\u00f0al s\u00fa sta\u00f0reynd a\u00f0 ungar st\u00falkur eru s\u00ed\u00f0ur hvattar til a\u00f0 taka skapandi \u00e1h\u00e6ttu \u00ed hinu sj\u00f3nr\u00e6na listformi. Me\u00f0 <em>Girls film!<\/em> er unni\u00f0 markvisst a\u00f0 \u00fev\u00ed a\u00f0 br\u00faa \u00feetta bil me\u00f0 \u00fev\u00ed a\u00f0 veita \u00fe\u00e1tttakendum t\u00e6ki, \u00feekkingu og sj\u00e1lfstraust til a\u00f0 segja s\u00ednar eigin s\u00f6gur og l\u00e1ta r\u00f6dd s\u00edna heyrast \u00ed gegnum kvikmyndager\u00f0 \u00e1 \u00feeirra eigin forsendum.<\/p>\n\n\n\n<figure class=\"wp-block-image size-large\"><img fetchpriority=\"high\" decoding=\"async\" width=\"867\" height=\"1024\" src=\"https:\/\/riff.is\/wp-content\/uploads\/2025\/06\/IMG_9576-2-867x1024.jpg\" alt=\"\" class=\"wp-image-62324\" title=\"\" srcset=\"https:\/\/riff.is\/wp-content\/uploads\/2025\/06\/IMG_9576-2-867x1024.jpg 867w, https:\/\/riff.is\/wp-content\/uploads\/2025\/06\/IMG_9576-2-1300x1536.jpg 1300w, https:\/\/riff.is\/wp-content\/uploads\/2025\/06\/IMG_9576-2-1734x2048.jpg 1734w, https:\/\/riff.is\/wp-content\/uploads\/2025\/06\/IMG_9576-2-10x12.jpg 10w, https:\/\/riff.is\/wp-content\/uploads\/2025\/06\/IMG_9576-2-600x709.jpg 600w, https:\/\/riff.is\/wp-content\/uploads\/2025\/06\/IMG_9576-2-254x300.jpg 254w, https:\/\/riff.is\/wp-content\/uploads\/2025\/06\/IMG_9576-2-768x907.jpg 768w\" sizes=\"(max-width: 867px) 100vw, 867px\" \/><\/figure>\n\n\n\n<p>Verkefni\u00f0 f\u00f3r fram \u00ed fyrstu viku j\u00fan\u00ed 2025 og var \u00e6tla\u00f0 st\u00falkum, kynsegin og trans ungmennum \u00e1 grunnsk\u00f3laaldri. \u00cd smi\u00f0junni fengu \u00feau t\u00e6kif\u00e6ri til a\u00f0 kynnast s\u00f6guger\u00f0, leikstj\u00f3rn og t\u00e6knilegum \u00fe\u00e1ttum kvikmyndager\u00f0ar \u00ed skapandi umhverfi sem sty\u00f0ur vi\u00f0 sj\u00e1lfstraust og hvetur til tj\u00e1ningar. \u00de\u00e1tttakendur bjuggu til s\u00ednar eigin stuttmyndir sem s\u00fdndar ver\u00f0a \u00e1 <em>RIFF Industry Days. <\/em>RIFF \u00ed s\u00e9rstakri <em>Youth Industry Session<\/em>, \u00ed takt vi\u00f0 \u00e1herslu \u00e1rsins \u00e1 <em>Women in Film<\/em>.<\/p>\n\n\n\n<figure class=\"wp-block-image size-large\"><img decoding=\"async\" width=\"768\" height=\"1024\" src=\"https:\/\/riff.is\/wp-content\/uploads\/2025\/06\/IMG_9544-2-768x1024.jpg\" alt=\"\" class=\"wp-image-62325\" title=\"\" srcset=\"https:\/\/riff.is\/wp-content\/uploads\/2025\/06\/IMG_9544-2-768x1024.jpg 768w, https:\/\/riff.is\/wp-content\/uploads\/2025\/06\/IMG_9544-2-1152x1536.jpg 1152w, https:\/\/riff.is\/wp-content\/uploads\/2025\/06\/IMG_9544-2-1536x2048.jpg 1536w, https:\/\/riff.is\/wp-content\/uploads\/2025\/06\/IMG_9544-2-9x12.jpg 9w, https:\/\/riff.is\/wp-content\/uploads\/2025\/06\/IMG_9544-2-600x800.jpg 600w, https:\/\/riff.is\/wp-content\/uploads\/2025\/06\/IMG_9544-2-225x300.jpg 225w, https:\/\/riff.is\/wp-content\/uploads\/2025\/06\/IMG_9544-2-scaled.jpg 1920w\" sizes=\"(max-width: 768px) 100vw, 768px\" \/><\/figure>\n\n\n\n<p>\u00c1 \u00feessari s\u00e9rst\u00f6ku s\u00fdningu ver\u00f0ur kvikmynda- og menntaf\u00f3lki, \u00e1samt lei\u00f0beinendum, bo\u00f0i\u00f0 a\u00f0 sj\u00e1 afrakstur \u00fe\u00e1tttakenda, veita uppbyggilega endurgj\u00f6f, \u00f3formlega handlei\u00f0slu og hvatningu \u2013 og \u00feannig tengja skapandi ungt f\u00f3lk vi\u00f0 faglegt samf\u00e9lag atvinnuf\u00f3lks \u00ed kvikmyndager\u00f0. Me\u00f0 \u00fev\u00ed a\u00f0 skapa sl\u00edkt kynsl\u00f3\u00f0atengjandi r\u00fdmi fyrir vi\u00f0urkenningu og mi\u00f0lun d\u00fdpkar RIFF skuldbindingu s\u00edna vi\u00f0 snemmb\u00e6ra valdeflingu ungs f\u00f3lks og framt\u00ed\u00f0ars\u00fdn um fj\u00f6lbreyttari og r\u00e9ttl\u00e1tari kvikmyndai\u00f0na\u00f0 \u00e1 \u00cdslandi.<\/p>\n\n\n\n<figure class=\"wp-block-image size-large\"><img decoding=\"async\" width=\"706\" height=\"1024\" src=\"https:\/\/riff.is\/wp-content\/uploads\/2025\/06\/IMG_9533-706x1024.jpg\" alt=\"\" class=\"wp-image-62326\" title=\"\" srcset=\"https:\/\/riff.is\/wp-content\/uploads\/2025\/06\/IMG_9533-706x1024.jpg 706w, https:\/\/riff.is\/wp-content\/uploads\/2025\/06\/IMG_9533-1059x1536.jpg 1059w, https:\/\/riff.is\/wp-content\/uploads\/2025\/06\/IMG_9533-1413x2048.jpg 1413w, https:\/\/riff.is\/wp-content\/uploads\/2025\/06\/IMG_9533-8x12.jpg 8w, https:\/\/riff.is\/wp-content\/uploads\/2025\/06\/IMG_9533-600x870.jpg 600w, https:\/\/riff.is\/wp-content\/uploads\/2025\/06\/IMG_9533-207x300.jpg 207w, https:\/\/riff.is\/wp-content\/uploads\/2025\/06\/IMG_9533-768x1113.jpg 768w, https:\/\/riff.is\/wp-content\/uploads\/2025\/06\/IMG_9533-scaled.jpg 1766w\" sizes=\"(max-width: 706px) 100vw, 706px\" \/><\/figure>","protected":false},"excerpt":{"rendered":"<p>\u00cd tengslum vi\u00f0 stefnu RIFF a\u00f0 stu\u00f0la a\u00f0 aukinni \u00fe\u00e1ttt\u00f6ku ungs f\u00f3lks st\u00f3\u00f0 Al\u00fej\u00f3\u00f0leg kvikmyndah\u00e1t\u00ed\u00f0 \u00ed Reykjav\u00edk a\u00f0 verkefninu Stelpur filma!, sem innbl\u00e1si\u00f0 er af t\u00f3nlistarframtakinu Stelpur rokka! Stelpur filma! [&hellip;]<\/p>\n","protected":false},"author":969,"featured_media":62323,"comment_status":"closed","ping_status":"open","sticky":false,"template":"","format":"standard","meta":{"_monsterinsights_skip_tracking":false,"_monsterinsights_sitenote_active":false,"_monsterinsights_sitenote_note":"","_monsterinsights_sitenote_category":0,"_price":"","_stock":"","_tribe_ticket_header":"","_tribe_default_ticket_provider":"","_tribe_ticket_capacity":"0","_ticket_start_date":"","_ticket_end_date":"","_tribe_ticket_show_description":"","_tribe_ticket_show_not_going":false,"_tribe_ticket_use_global_stock":"","_tribe_ticket_global_stock_level":"","_global_stock_mode":"","_global_stock_cap":"","_tribe_rsvp_for_event":"","_tribe_ticket_going_count":"","_tribe_ticket_not_going_count":"","_tribe_tickets_list":"[]","_tribe_ticket_has_attendee_info_fields":false,"footnotes":"","_tec_slr_enabled":"","_tec_slr_layout":""},"categories":[9],"tags":[],"class_list":["post-62318","post","type-post","status-publish","format-standard","has-post-thumbnail","hentry","category-news"],"ticketed":false,"_links":{"self":[{"href":"https:\/\/riff.is\/en\/wp-json\/wp\/v2\/posts\/62318","targetHints":{"allow":["GET"]}}],"collection":[{"href":"https:\/\/riff.is\/en\/wp-json\/wp\/v2\/posts"}],"about":[{"href":"https:\/\/riff.is\/en\/wp-json\/wp\/v2\/types\/post"}],"author":[{"embeddable":true,"href":"https:\/\/riff.is\/en\/wp-json\/wp\/v2\/users\/969"}],"replies":[{"embeddable":true,"href":"https:\/\/riff.is\/en\/wp-json\/wp\/v2\/comments?post=62318"}],"version-history":[{"count":1,"href":"https:\/\/riff.is\/en\/wp-json\/wp\/v2\/posts\/62318\/revisions"}],"predecessor-version":[{"id":62327,"href":"https:\/\/riff.is\/en\/wp-json\/wp\/v2\/posts\/62318\/revisions\/62327"}],"wp:featuredmedia":[{"embeddable":true,"href":"https:\/\/riff.is\/en\/wp-json\/wp\/v2\/media\/62323"}],"wp:attachment":[{"href":"https:\/\/riff.is\/en\/wp-json\/wp\/v2\/media?parent=62318"}],"wp:term":[{"taxonomy":"category","embeddable":true,"href":"https:\/\/riff.is\/en\/wp-json\/wp\/v2\/categories?post=62318"},{"taxonomy":"post_tag","embeddable":true,"href":"https:\/\/riff.is\/en\/wp-json\/wp\/v2\/tags?post=62318"}],"curies":[{"name":"wp","href":"https:\/\/api.w.org\/{rel}","templated":true}]}}