{"id":11738,"date":"2021-04-30T12:54:05","date_gmt":"2021-04-30T12:54:05","guid":{"rendered":"https:\/\/riff.is\/?p=11738"},"modified":"2021-05-21T21:13:41","modified_gmt":"2021-05-21T21:13:41","slug":"opid-fyrir-innsendingar-2021","status":"publish","type":"post","link":"https:\/\/riff.is\/pl\/opid-fyrir-innsendingar-2021\/","title":{"rendered":"Otwarte na zg\u0142oszenia"},"content":{"rendered":"<h3><strong>18. Mi\u0119dzynarodowy Festiwal Filmowy w Reykjaviku<\/strong><\/h3>\n<p><span style=\"font-weight: 400;\">Drodzy mi\u0142o\u015bnicy kina, z przyjemno\u015bci\u0105 informujemy, \u017ce trwaj\u0105 ju\u017c zg\u0142oszenia na 18. Mi\u0119dzynarodowy Festiwal Filmowy w Reykjav\u00edku, kt\u00f3ry odb\u0119dzie si\u0119 w dniach 30 wrze\u015bnia\u201310 pa\u017adziernika 2021 r.<\/span><\/p>\n<p>&nbsp;<\/p>\n<p><strong>PRZE\u015aLIJ SWOJ\u0104 PRAC\u0118<br \/>\n<\/strong><span style=\"font-weight: 400;\">Akceptujemy filmy fabularne, dokumentalne i animowane o dowolnej d\u0142ugo\u015bci i formacie. Filmy musz\u0105 zosta\u0107 wyprodukowane po 1 stycznia 2020 r. i nie mog\u0105 mie\u0107 wcze\u015bniej premiery w Islandii. <\/span><span style=\"font-weight: 400;\">Termin nadsy\u0142ania prac up\u0142ywa 7 lipca 2021 r. Prosimy o przes\u0142anie nam zdj\u0119\u0107 za po\u015brednictwem<a href=\"https:\/\/filmfreeway.com\/ReykjavikInternationalFilmFestival\" rel=\"nofollow noopener\" target=\"_blank\"> Droga filmowa.<\/a><\/span><\/p>\n<p>&nbsp;<\/p>\n<p><strong>WE\u0179 UDZIA\u0141 W REYKJAV\u00cdK TALENT LAB<br \/>\n<\/strong><span style=\"font-weight: 400;\">Reykjav\u00edk Talent Lab, kt\u00f3ry odb\u0119dzie si\u0119 od 5 do 9 pa\u017adziernika 2021 r., to kreatywna przestrze\u0144 wsp\u00f3\u0142pracy dla utalentowanych nowicjuszy, kt\u00f3rzy chc\u0105 pozna\u0107 innych podobnie my\u015bl\u0105cych ludzi w bran\u017cy filmowej. Daje im to mo\u017cliwo\u015b\u0107 nawi\u0105zania kontaktu z filmowcami i innymi profesjonalistami, kt\u00f3rzy s\u0105 gotowi pom\u00f3c im i doradzi\u0107 im w ich pierwszym filmie fabularnym. Program obejmuje kursy mistrzowskie, dyskusje panelowe, warsztaty, mentoring do\u015bwiadczonych profesjonalist\u00f3w, a tak\u017ce liczne ekscytuj\u0105ce projekty. Dzi\u0119ki tej pracy wspieramy aspiruj\u0105cych filmowc\u00f3w w rozwijaniu ich artystycznego g\u0142osu poprzez r\u00f3\u017cnorodne i niezapomniane do\u015bwiadczenia.<\/span><\/p>\n<p><span style=\"font-weight: 400;\">Uczestnicy Reykjav\u00edk Talent Lab b\u0119d\u0105 mieli okazj\u0119 zg\u0142osi\u0107 kr\u00f3tki film, nakr\u0119cony na podstawie w\u0142asnego warsztatu, do konkursu film\u00f3w kr\u00f3tkometra\u017cowych Gulleggi\u00f0. <a href=\"https:\/\/riff.is\/is\/reykjavik-talent-lab\/\">Wi\u0119cej informacji znajdziesz tutaj.<\/a><\/span><\/p>\n<p><span style=\"font-weight: 400;\">Aby aplikowa\u0107 do Reykjav\u00edk Talent Lab i Gulleggi\u00f0, wy\u015blij nam e-mail. <a href=\"https:\/\/vp.eventival.com\/riff\/2021\" rel=\"nofollow noopener\" target=\"_blank\">aplikacja <\/a><\/span><span style=\"font-weight: 400;\">Tutaj.<\/span><span style=\"font-weight: 400;\"> Wszelkie zapytania mo\u017cna przesy\u0142a\u0107 na adres talentlab@riff.is.<\/span><\/p>\n<p>&nbsp;<\/p>\n<p><strong>MEDIA I PROFESJONALI\u015aCI<\/strong><\/p>\n<p><span style=\"font-weight: 400;\">Co roku RIFF zaprasza dziennikarzy i profesjonalist\u00f3w z bran\u017cy filmowej do udzia\u0142u w RIFF Business Days, Icelandic Marketing Forum i innych ciekawych wydarzeniach.<\/span><\/p>\n<p><span style=\"font-weight: 400;\">Skontaktuj si\u0119 z nami pod adresem <a href=\"mailto:industry@riff.is\">industry@riff.is<\/a> w przypadku dalszych pyta\u0144 lub pr\u00f3\u015bb.<\/span><\/p>\n<p>&nbsp;<\/p>\n<p><strong>WOLONTARIUSZE<\/strong><\/p>\n<p><span style=\"font-weight: 400;\">Festiwal nie m\u00f3g\u0142by si\u0119 odby\u0107 bez wsparcia wielu wolontariuszy, kt\u00f3rzy do\u0142\u0105czaj\u0105 do nas co roku z ca\u0142ego \u015bwiata. Czy jeste\u015b zainteresowany do\u0142\u0105czeniem do RIFF, prac\u0105 w mi\u0119dzynarodowym zespole i pomaganiem w organizacji jednego z najbardziej presti\u017cowych wydarze\u0144 kulturalnych Islandii? <a href=\"https:\/\/vp.eventival.com\/riff\/2021\" rel=\"nofollow noopener\" target=\"_blank\">Wy\u015blij nam swoj\u0105 aplikacj\u0119 tutaj.<\/a> Czekamy na kontakt z Pa\u0144stwa strony!<\/span><\/p>","protected":false},"excerpt":{"rendered":"<p>18. Al\u00fej\u00f3\u00f0lega kvikmyndah\u00e1t\u00ed\u00f0in \u00ed Reykjav\u00edk K\u00e6ru kvikmyndaunnendur, vi\u00f0 erum himinlifandi a\u00f0 tilkynna a\u00f0 opi\u00f0 er fyrir innsendingar til Al\u00fej\u00f3\u00f0legu kvikmyndah\u00e1t\u00ed\u00f0arinnar \u00ed Reykjav\u00edk, sem er haldin \u00ed 18. sinn, dagana 30. [&hellip;]<\/p>\n","protected":false},"author":893,"featured_media":11623,"comment_status":"closed","ping_status":"open","sticky":false,"template":"","format":"standard","meta":{"_monsterinsights_skip_tracking":false,"_monsterinsights_sitenote_active":false,"_monsterinsights_sitenote_note":"","_monsterinsights_sitenote_category":0,"_price":"","_stock":"","_tribe_ticket_header":"","_tribe_default_ticket_provider":"","_tribe_ticket_capacity":"0","_ticket_start_date":"","_ticket_end_date":"","_tribe_ticket_show_description":"","_tribe_ticket_show_not_going":false,"_tribe_ticket_use_global_stock":"","_tribe_ticket_global_stock_level":"","_global_stock_mode":"","_global_stock_cap":"","_tribe_rsvp_for_event":"","_tribe_ticket_going_count":"","_tribe_ticket_not_going_count":"","_tribe_tickets_list":"[]","_tribe_ticket_has_attendee_info_fields":false,"footnotes":"","_tec_slr_enabled":"","_tec_slr_layout":""},"categories":[410,153],"tags":[],"class_list":["post-11738","post","type-post","status-publish","format-standard","has-post-thumbnail","hentry","category-frettabref","category-frettir"],"ticketed":false,"_links":{"self":[{"href":"https:\/\/riff.is\/pl\/wp-json\/wp\/v2\/posts\/11738","targetHints":{"allow":["GET"]}}],"collection":[{"href":"https:\/\/riff.is\/pl\/wp-json\/wp\/v2\/posts"}],"about":[{"href":"https:\/\/riff.is\/pl\/wp-json\/wp\/v2\/types\/post"}],"author":[{"embeddable":true,"href":"https:\/\/riff.is\/pl\/wp-json\/wp\/v2\/users\/893"}],"replies":[{"embeddable":true,"href":"https:\/\/riff.is\/pl\/wp-json\/wp\/v2\/comments?post=11738"}],"version-history":[{"count":5,"href":"https:\/\/riff.is\/pl\/wp-json\/wp\/v2\/posts\/11738\/revisions"}],"predecessor-version":[{"id":11755,"href":"https:\/\/riff.is\/pl\/wp-json\/wp\/v2\/posts\/11738\/revisions\/11755"}],"wp:featuredmedia":[{"embeddable":true,"href":"https:\/\/riff.is\/pl\/wp-json\/wp\/v2\/media\/11623"}],"wp:attachment":[{"href":"https:\/\/riff.is\/pl\/wp-json\/wp\/v2\/media?parent=11738"}],"wp:term":[{"taxonomy":"category","embeddable":true,"href":"https:\/\/riff.is\/pl\/wp-json\/wp\/v2\/categories?post=11738"},{"taxonomy":"post_tag","embeddable":true,"href":"https:\/\/riff.is\/pl\/wp-json\/wp\/v2\/tags?post=11738"}],"curies":[{"name":"wp","href":"https:\/\/api.w.org\/{rel}","templated":true}]}}