{"id":22778,"date":"2021-09-15T16:51:46","date_gmt":"2021-09-15T16:51:46","guid":{"rendered":"https:\/\/riff.is\/?p=22778"},"modified":"2021-09-17T23:09:53","modified_gmt":"2021-09-17T23:09:53","slug":"cinema-beats-at-reykjavik-international-film-festival-films-about-pop-music-punk-techno-hip-hop-and-much-more","status":"publish","type":"post","link":"https:\/\/riff.is\/pl\/cinema-beats-at-reykjavik-international-film-festival-films-about-pop-music-punk-techno-hip-hop-and-much-more\/","title":{"rendered":"Cinema Beats na RIFF, filmy o muzyce pop, punk, techno, hip hop i wiele wi\u0119cej"},"content":{"rendered":"<p><span style=\"font-weight: 400;\">Muzyka z r\u00f3\u017cnych kategorii b\u0119dzie na pierwszym planie podczas Mi\u0119dzynarodowego Festiwalu Filmowego w Reykjaviku. Na festiwalu b\u0119dzie specjalna kategoria dla film\u00f3w muzycznych, a tak\u017ce muzyczne wydarzenia i wyst\u0119py w Loft Hostel, opr\u00f3cz seminarium w Nordic House podczas Industry Days z udzia\u0142em islandzkich i zagranicznych kompozytor\u00f3w muzyki filmowej. Na koniec, ale nie mniej wa\u017cny, przeb\u00f3j <\/span><b>\u017bartowni\u015b <\/b><span style=\"font-weight: 400;\">zostanie prze\u015bwietlony w <\/span><b>Sala koncertowa Harpa<\/b><span style=\"font-weight: 400;\">, kt\u00f3remu towarzyszy\u0107 b\u0119dzie wyst\u0119p muzyki na \u017cywo <\/span><b>Sinfonia Nord, Islandzka Orkiestra Filmowa.<\/b><\/p>\n<p><span style=\"font-weight: 400;\">Kategoria Cinema Beats p\u0119ka w szwach od muzycznych rozwa\u017ca\u0144, w tym utwor\u00f3w o rocku, hip-hopie i techno, wi\u0119c powinna trafi\u0107 w gusta ka\u017cdego. Wy\u015bwietlamy film o historii norweskiego zespo\u0142u <\/span><b>A-HA<\/b><span style=\"font-weight: 400;\">, poznaj\u0105 niesamowit\u0105 scen\u0119 hiphopow\u0105 w Maroku i dowiedz\u0105 si\u0119 wi\u0119cej o \u017cyciu francuskiego DJ-a techno <\/span><b>Laurent Garnier,<\/b><span style=\"font-weight: 400;\"> kt\u00f3ry wcze\u015bniej by\u0142 DJ-em tutaj, na Islandii.\u00a0<\/span><\/p>\n<p><span style=\"font-weight: 400;\">Dajemy wgl\u0105d w \u017cycie <\/span><b>Polistyren<\/b><span style=\"font-weight: 400;\">, pierwszej brytyjskiej kr\u00f3lowej punka i poka\u017cemy fascynuj\u0105cy film o historii kobiet w muzyce elektronicznej, kt\u00f3ry zosta\u0142 przyj\u0119ty z wielkim uznaniem w Wielkiej Brytanii. Ponadto poka\u017cemy film o <\/span><b>Olaf Arnalds<\/b><span style=\"font-weight: 400;\"> wie\u015b <\/span><b>Vincent Moore<\/b><span style=\"font-weight: 400;\">, kt\u00f3ry wcze\u015bniej pokaza\u0142 film na festiwalu RIFF. Poka\u017cemy Horfin Borg (Lost City) autorstwa <\/span><b>Wilk Eldj\u00e1rn<\/b><span style=\"font-weight: 400;\"> i My, B\u0142yskawice, przez <\/span><b>Kira Kira<\/b><span style=\"font-weight: 400;\">, Hermigervill, Jara, Teitur, Arnbj\u00f6rg, Krist\u00f3, Alexandra, Arnbj\u00f6rg, Framfari, Thoracius, \u00dalfur i Gefjun.\u00a0<\/span><\/p>\n<p><span style=\"font-weight: 400;\">Industry Days zaoferuje r\u00f3wnie\u017c kurs komponowania muzyki filmowej, w tym instrukcje, jak wej\u015b\u0107 do bran\u017cy, pod nadzorem norweskiego kompozytora Andreu Jakoba Kunsta. Bilety mo\u017cna kupi\u0107 tutaj.\u00a0<\/span><\/p>\n<p><span style=\"font-weight: 400;\">Opr\u00f3cz powy\u017cszego, 6 pa\u017adziernika w Nordic House odb\u0119dzie si\u0119 seminarium na temat sukcesu, prowadzone przez Cheryl Kara, konsultantk\u0119 muzyczn\u0105 i superwizork\u0119. W panelu wezm\u0105 udzia\u0142: <\/span><b>Thorvaldur Bjarni Thorvaldsson, Atli Orvarsson, Herdis Stefansdottir<\/b><span style=\"font-weight: 400;\">, kompozytor i <\/span><b>Sigtryggur Baldursson<\/b><span style=\"font-weight: 400;\">, przedstawiciel \u00daT\u00d3N, Iceland Music.<\/span><\/p>\n<p><span style=\"font-weight: 400;\">Jeden z dokument\u00f3w opowiada o DJ-u <\/span><b>Laurent Garnier<\/b><span style=\"font-weight: 400;\">, kt\u00f3ry jest szeroko znany z wielkiego wp\u0142ywu, jaki wywar\u0142 na popularyzacj\u0119 muzyki techno. B\u0119dzie odpowiada\u0142 na pytania publiczno\u015bci za po\u015brednictwem Zoom. Laurent Garnier: Off the Record zostanie wy\u015bwietlony w nocnym klubie w Reykjaviku, gdzie islandzcy DJ-e b\u0119d\u0105 gra\u0107 muzyk\u0119 przez ca\u0142\u0105 noc, pod przewodnictwem uznanego lokalnego DJ-a <\/span><b>Benni B-Ruff<\/b><span style=\"font-weight: 400;\">.<\/span><\/p>\n<p><b>Schronisko Loft<\/b><span style=\"font-weight: 400;\"> zaoferuje bogaty program wydarze\u0144 przez ca\u0142y festiwalowy tydzie\u0144, w kt\u00f3rym imponuj\u0105ca grupa muzyk\u00f3w wyst\u0105pi z oryginalnymi kompozycjami, w tym <\/span><b>Maria Magnusdottir<\/b><span style=\"font-weight: 400;\">, kt\u00f3ry po raz pierwszy wykona materia\u0142 z nadchodz\u0105cego albumu.<\/span><\/p>\n<p><span style=\"font-weight: 400;\">Festiwal zako\u0144czy si\u0119 specjalnym pokazem przeboju <\/span><b>\u017bartowni\u015b<\/b><span style=\"font-weight: 400;\"> we wsp\u00f3\u0142pracy z Islandzk\u0105 Orkiestr\u0105 Filmow\u0105; <\/span><b>Sinfonia Nord<\/b><span style=\"font-weight: 400;\">. <\/span><b>Hildur Gu\u00f0nad\u00f3ttir jest<\/b><span style=\"font-weight: 400;\"> Nagrodzona Oscarem i BAFTA muzyka do filmu zostanie wykonana przez Sinfonia Nord w koncercie kinowym pod dyrekcj\u0105 ojca kompozytora, Gu[ni Franzsona. Film zostanie wy\u015bwietlony na du\u017cym ekranie w Eldborg, Harpa, z przemow\u0105 i specjalnymi efektami d\u017awi\u0119kowymi, podczas gdy du\u017ca orkiestra symfoniczna, Symphony Nord, zagra porywaj\u0105c\u0105 muzyk\u0119 Hildur. Bilety mo\u017cna kupi\u0107 <\/span><a href=\"https:\/\/riff.is\/pl\/event\/music-seminar-by-andreu-jacob-kunst\/\"><span style=\"font-weight: 400;\">Tutaj<\/span><\/a><\/p>\n<p><span style=\"font-weight: 400;\">\u00a0<\/span><\/p>\n<p><img fetchpriority=\"high\" decoding=\"async\" class=\"wp-image-22735 aligncenter\" src=\"https:\/\/riff.is\/wp-content\/uploads\/2021\/09\/riff-2021-Poly-Styrene_-I-Am-A-Cliche-Still-hi-res-1400908-1024x576.jpg\" alt=\"\" width=\"674\" height=\"379\" title=\"\" srcset=\"https:\/\/riff.is\/wp-content\/uploads\/2021\/09\/riff-2021-Poly-Styrene_-I-Am-A-Cliche-Still-hi-res-1400908-1024x576.jpg 1024w, https:\/\/riff.is\/wp-content\/uploads\/2021\/09\/riff-2021-Poly-Styrene_-I-Am-A-Cliche-Still-hi-res-1400908-300x169.jpg 300w, https:\/\/riff.is\/wp-content\/uploads\/2021\/09\/riff-2021-Poly-Styrene_-I-Am-A-Cliche-Still-hi-res-1400908-768x432.jpg 768w, https:\/\/riff.is\/wp-content\/uploads\/2021\/09\/riff-2021-Poly-Styrene_-I-Am-A-Cliche-Still-hi-res-1400908-1536x864.jpg 1536w, https:\/\/riff.is\/wp-content\/uploads\/2021\/09\/riff-2021-Poly-Styrene_-I-Am-A-Cliche-Still-hi-res-1400908-600x338.jpg 600w, https:\/\/riff.is\/wp-content\/uploads\/2021\/09\/riff-2021-Poly-Styrene_-I-Am-A-Cliche-Still-hi-res-1400908.jpg 1920w\" sizes=\"(max-width: 674px) 100vw, 674px\" \/><\/p>\n<h3><\/h3>\n<h3><span style=\"font-weight: 400;\">Polistyren \u2013 jestem klisz\u0105\u00a0<\/span><\/h3>\n<p><span style=\"font-weight: 400;\">Film opowiada o \u017cyciu brytyjskiej kr\u00f3lowej punku <\/span><b>Polistyren<\/b><span style=\"font-weight: 400;\"> kt\u00f3ra by\u0142a pierwsz\u0105 kobiet\u0105 koloru, kt\u00f3ra zosta\u0142a wokalistk\u0105 zespo\u0142u rockowego. Wnios\u0142a powiew buntu do \u015bwiata muzyki, \u015bpiewaj\u0105c niezr\u00f3wnanym g\u0142osem o samoocenie, materializmie i postmodernizmie oraz wszystkich zmianach, kt\u00f3re mia\u0142y miejsce w latach 70. w Wielkiej Brytanii. W filmie wyst\u0119puj\u0105: <\/span><b>Vivienne Westwood i Neneh Cherry<\/b><span style=\"font-weight: 400;\"> duch <\/span><b>Bruno Czarodziej<\/b><span style=\"font-weight: 400;\">itd.\u00a0<\/span><\/p>\n<p><img decoding=\"async\" class=\"wp-image-22737 aligncenter\" src=\"https:\/\/riff.is\/wp-content\/uploads\/2021\/09\/riff-2021-Casablanca-Beats-Still-lo-res-1408962.jpg\" alt=\"\" width=\"636\" height=\"344\" title=\"\" srcset=\"https:\/\/riff.is\/wp-content\/uploads\/2021\/09\/riff-2021-Casablanca-Beats-Still-lo-res-1408962.jpg 1000w, https:\/\/riff.is\/wp-content\/uploads\/2021\/09\/riff-2021-Casablanca-Beats-Still-lo-res-1408962-300x162.jpg 300w, https:\/\/riff.is\/wp-content\/uploads\/2021\/09\/riff-2021-Casablanca-Beats-Still-lo-res-1408962-768x415.jpg 768w, https:\/\/riff.is\/wp-content\/uploads\/2021\/09\/riff-2021-Casablanca-Beats-Still-lo-res-1408962-600x325.jpg 600w\" sizes=\"(max-width: 636px) 100vw, 636px\" \/><\/p>\n<h3><\/h3>\n<h3><span style=\"font-weight: 400;\">Casablanca Beats\u00a0<\/span><\/h3>\n<p><span style=\"font-weight: 400;\">Akcja rozgrywa si\u0119 na maroka\u0144skiej scenie hip-hopowej i dotyczy by\u0142ego rapera Anasa, kt\u00f3ry zaczyna prac\u0119 w o\u015brodku kulturalnym i zach\u0119ca swoich m\u0142odych podopiecznych do wzmocnienia si\u0119 poprzez tw\u00f3rcz\u0105 ekspresj\u0119 hip-hopu. Jego zach\u0119ta okazuje si\u0119 wa\u017cnym bod\u017acem dla tych m\u0142odych ludzi, kt\u00f3rzy u\u017cywaj\u0105 tej metody ekspresji, aby uwolni\u0107 si\u0119 od kajdan zwyczaj\u00f3w i tradycji, kt\u00f3re uniemo\u017cliwi\u0142y im realizacj\u0119 marze\u0144.<\/span><\/p>\n<p><iframe title=\"LAURENT GARNIER: OFF THE RECORD - Oficjalny zwiastun\" src=\"https:\/\/player.vimeo.com\/video\/455540591?dnt=1&amp;app_id=122963\" width=\"800\" height=\"450\" frameborder=\"0\" allow=\"autoplay; fullscreen; picture-in-picture; clipboard-write; encrypted-media\"><\/iframe><\/p>\n<h3><\/h3>\n<h3>Laurent Garnier: W zaufaniu<\/h3>\n<p><span style=\"font-weight: 400;\">Wgl\u0105d w \u017cycie Laurenta Garniera, jednego z ojc\u00f3w chrzestnych muzyki house, od jego drogi do s\u0142awy w latach osiemdziesi\u0105tych do dzi\u015b. Ostatnia muzyczna rewolucja z punktu widzenia rewolucjonisty. Po uderzeniu Covidu Garnier po raz pierwszy od trzydziestu lat przesta\u0142 s\u0142ucha\u0107 muzyki techno, co zainspirowa\u0142o powstanie filmu. Laurent om\u00f3wi film i odpowie na pytania za po\u015brednictwem Zoom w zwi\u0105zku z pokazem filmu na festiwalu RIFF. \u00a0 <\/span><\/p>\n<p><iframe title=\"a-ha Film | Oficjalny zwiastun\" src=\"https:\/\/player.vimeo.com\/video\/552337247?dnt=1&amp;app_id=122963\" width=\"800\" height=\"450\" frameborder=\"0\" allow=\"autoplay; fullscreen; picture-in-picture; clipboard-write; encrypted-media\"><\/iframe><\/p>\n<h3><\/h3>\n<h3><b>a-ha: film \u2013 a-ha Film\u00a0<\/b><\/h3>\n<p><span style=\"font-weight: 400;\">Norweski zesp\u00f3\u0142 A-ha wyrusza w tras\u0119. Trzech m\u0142odych m\u0119\u017cczyzn ma wznios\u0142e marzenie o zostaniu mi\u0119dzynarodowymi gwiazdami popu, a gdy ich z\u0142oty hit \u201eTake on Me\u201d osi\u0105ga pierwsze miejsce na li\u015bcie Billboard w USA, wydaje si\u0119, \u017ce ich cele zosta\u0142y osi\u0105gni\u0119te. Jak to jest \u017cy\u0107 swoim marzeniem? To historia ambicji, wybitnej muzyki, zerwanych przyja\u017ani, a nawet przebaczenia.\u00a0<\/span><\/p>\n<p><iframe title=\"Zwiastun filmu Siostry z tranzystorami\" src=\"https:\/\/player.vimeo.com\/video\/510225700?dnt=1&amp;app_id=122963\" width=\"800\" height=\"450\" frameborder=\"0\" allow=\"autoplay; fullscreen; picture-in-picture; clipboard-write; encrypted-media\"><\/iframe><\/p>\n<h3><\/h3>\n<h3><b>Siostry z tranzystorami<\/b><\/h3>\n<p><span style=\"font-weight: 400;\">Fascynuj\u0105ca, jak dot\u0105d nieopowiedziana historia o pionierkach w pocz\u0105tkach muzyki elektronicznej, kiedy thereminy, syntezatory i maszyny sprz\u0119\u017cenia zwrotnego by\u0142y na czele technologii muzycznej. Kompozytorki Delia Derbyshire i Laurie Anderson (narrator) zmieni\u0142y spos\u00f3b tworzenia muzyki, a tak\u017ce jej doceniania. Aktualne i dobrze wykonane uznanie dla pionierek w historii muzyki.<\/span><\/p>\n<p><img decoding=\"async\" class=\"alignnone size-large wp-image-22742\" src=\"https:\/\/riff.is\/wp-content\/uploads\/2021\/09\/7kYNrioQ-1024x576.png\" alt=\"\" width=\"1024\" height=\"576\" title=\"\" srcset=\"https:\/\/riff.is\/wp-content\/uploads\/2021\/09\/7kYNrioQ-1024x576.png 1024w, https:\/\/riff.is\/wp-content\/uploads\/2021\/09\/7kYNrioQ-300x169.png 300w, https:\/\/riff.is\/wp-content\/uploads\/2021\/09\/7kYNrioQ-768x432.png 768w, https:\/\/riff.is\/wp-content\/uploads\/2021\/09\/7kYNrioQ-600x338.png 600w, https:\/\/riff.is\/wp-content\/uploads\/2021\/09\/7kYNrioQ.png 1280w\" sizes=\"(max-width: 1024px) 100vw, 1024px\" \/><\/p>\n<p><span style=\"font-weight: 400;\">Joker zostanie wy\u015bwietlony w Harpa Music Hall z towarzyszeniem SinfoniaNord. Nagrodzona Oscarem i BAFTA muzyka Hildur Gu\u00f0nad\u00f3ttir zostanie wykonana przez SynfoniaNord pod dyrekcj\u0105 ojca kompozytora, Gu\u00f0niego Franzsona.<\/span><\/p>\n<p><span style=\"font-weight: 400;\">JOKER otrzyma\u0142 w zesz\u0142ym roku dwa Oscary i trzy nagrody BAFTA, w tym za najlepsz\u0105 oryginaln\u0105 \u015bcie\u017ck\u0119 d\u017awi\u0119kow\u0105 dla kompozytorki Hildur Gu\u00f0nad\u00f3ttir i Joaquina Phoenixa za najlepszego aktora pierwszoplanowego, kt\u00f3rzy otrzymali obie nagrody. Obaj otrzymali r\u00f3wnie\u017c Z\u0142oty Glob i nagrod\u0119 Critics Choice za sw\u00f3j wk\u0142ad w Jokera.<\/span><\/p>\n<p><span style=\"font-weight: 400;\">Film zostanie wy\u015bwietlony na du\u017cym ekranie w Harpa Music Hall w Eldborgu, z komentarzem i specjalnymi efektami d\u017awi\u0119kowymi, podczas gdy du\u017ca orkiestra symfoniczna, Symphony Nord, b\u0119dzie gra\u0107 porywaj\u0105c\u0105 muzyk\u0119 Hildur towarzysz\u0105c\u0105 filmowi.<\/span><\/p>","protected":false},"excerpt":{"rendered":"<p>Music from various categories will be in the foreground at Reykjavik International Film Festival. There will be a special category for music films at the festival as well as musical [&hellip;]<\/p>\n","protected":false},"author":893,"featured_media":22751,"comment_status":"closed","ping_status":"open","sticky":false,"template":"","format":"standard","meta":{"_monsterinsights_skip_tracking":false,"_monsterinsights_sitenote_active":false,"_monsterinsights_sitenote_note":"","_monsterinsights_sitenote_category":0,"_price":"","_stock":"","_tribe_ticket_header":"","_tribe_default_ticket_provider":"","_tribe_ticket_capacity":"0","_ticket_start_date":"","_ticket_end_date":"","_tribe_ticket_show_description":"","_tribe_ticket_show_not_going":false,"_tribe_ticket_use_global_stock":"","_tribe_ticket_global_stock_level":"","_global_stock_mode":"","_global_stock_cap":"","_tribe_rsvp_for_event":"","_tribe_ticket_going_count":"","_tribe_ticket_not_going_count":"","_tribe_tickets_list":"[]","_tribe_ticket_has_attendee_info_fields":false,"footnotes":"","_tec_slr_enabled":"","_tec_slr_layout":""},"categories":[44],"tags":[],"class_list":["post-22778","post","type-post","status-publish","format-standard","has-post-thumbnail","hentry","category-press-releases"],"ticketed":false,"_links":{"self":[{"href":"https:\/\/riff.is\/pl\/wp-json\/wp\/v2\/posts\/22778","targetHints":{"allow":["GET"]}}],"collection":[{"href":"https:\/\/riff.is\/pl\/wp-json\/wp\/v2\/posts"}],"about":[{"href":"https:\/\/riff.is\/pl\/wp-json\/wp\/v2\/types\/post"}],"author":[{"embeddable":true,"href":"https:\/\/riff.is\/pl\/wp-json\/wp\/v2\/users\/893"}],"replies":[{"embeddable":true,"href":"https:\/\/riff.is\/pl\/wp-json\/wp\/v2\/comments?post=22778"}],"version-history":[{"count":5,"href":"https:\/\/riff.is\/pl\/wp-json\/wp\/v2\/posts\/22778\/revisions"}],"predecessor-version":[{"id":23396,"href":"https:\/\/riff.is\/pl\/wp-json\/wp\/v2\/posts\/22778\/revisions\/23396"}],"wp:featuredmedia":[{"embeddable":true,"href":"https:\/\/riff.is\/pl\/wp-json\/wp\/v2\/media\/22751"}],"wp:attachment":[{"href":"https:\/\/riff.is\/pl\/wp-json\/wp\/v2\/media?parent=22778"}],"wp:term":[{"taxonomy":"category","embeddable":true,"href":"https:\/\/riff.is\/pl\/wp-json\/wp\/v2\/categories?post=22778"},{"taxonomy":"post_tag","embeddable":true,"href":"https:\/\/riff.is\/pl\/wp-json\/wp\/v2\/tags?post=22778"}],"curies":[{"name":"wp","href":"https:\/\/api.w.org\/{rel}","templated":true}]}}