{"id":25777,"date":"2021-09-23T15:58:45","date_gmt":"2021-09-23T15:58:45","guid":{"rendered":"https:\/\/riff.is\/?p=25777"},"modified":"2021-09-25T11:40:04","modified_gmt":"2021-09-25T11:40:04","slug":"joachim-trier-og-mia-hansen-love-hljota-heidursverdlaun-riff-2021-fyrir-framurskarandi-listraena-syn","status":"publish","type":"post","link":"https:\/\/riff.is\/pl\/joachim-trier-og-mia-hansen-love-hljota-heidursverdlaun-riff-2021-fyrir-framurskarandi-listraena-syn\/","title":{"rendered":"Joachim Trier i Mia Hansen-L\u00f6ve otrzymuj\u0105 Honorow\u0105 Nagrod\u0119 RIFF 2021 za Wybitn\u0105 Wizj\u0119 Artystyczn\u0105"},"content":{"rendered":"<p><b>Re\u017cyserzy filmowi Joachim Trier z Norwegii<\/b><span style=\"font-weight: 400;\"> I <\/span><b>Mia Hansen \u2013 Mi\u0142o\u015b\u0107<\/b><span style=\"font-weight: 400;\"> z Francji otrzymaj\u0105 tegoroczn\u0105 Honorow\u0105 Nagrod\u0119 RIFF za Wybitn\u0105 Wizj\u0119 Artystyczn\u0105. Nagrody zostan\u0105 wr\u0119czone przez Prezydenta Islandii, Gu\u00f0ni Th. J\u00f3hannessona, podczas ceremonii w Bessasta\u00f0ir w dniu otwarcia RIFF 30 wrze\u015bnia, a tego samego dnia odb\u0119d\u0105 si\u0119 warsztaty mistrzowskie w Gamlab\u00ed\u00f3 z re\u017cyserami filmowymi \u00c1s\u0105 Helg\u0105 Hj\u00f6rleifsd\u00f3ttir i Hafsteinem Gunnarem Sigur\u00f0ssonem, kt\u00f3re s\u0105 otwarte dla wszystkich.<\/span><\/p>\n<p><span style=\"font-weight: 400;\">Mo\u017cna \u015bmia\u0142o powiedzie\u0107, \u017ce Joachim i Mia nale\u017c\u0105 do najciekawszych i najbardziej po\u017c\u0105danych m\u0142odych re\u017cyser\u00f3w naszych czas\u00f3w, dlatego te\u017c wielkim zaszczytem jest dla nich przyj\u0119cie zaproszenia na RIFF. Oboje mieli nowe filmy w Cannes tego lata, kt\u00f3re otrzyma\u0142y doskona\u0142e recenzje i zostan\u0105 pokazane na RIFF wraz ze swoimi starszymi filmami. Film Joachima Najgorsza osoba na \u015bwiecie zdoby\u0142 nagrod\u0119 w Cannes dla najlepszej aktorki. Bergman Island Mii przyci\u0105gn\u0105\u0142 wielk\u0105 uwag\u0119 i zyska\u0142 uznanie krytyk\u00f3w w Cannes tego lata.<\/span><\/p>\n<p><span style=\"font-weight: 400;\">Najgorsza osoba na \u015bwiecie Joachima Triera to film otwieraj\u0105cy RIFF. B<\/span><b>Dyrektor Dagur B. Eggertsson zainauguruje festiwal ceremoni\u0105 w Gamlab\u00ed\u00f3 30 wrze\u015bnia.<\/b><\/p>\n<p><img fetchpriority=\"high\" decoding=\"async\" class=\"alignnone size-full wp-image-25778\" src=\"https:\/\/riff.is\/wp-content\/uploads\/2021\/09\/image.png\" alt=\"\" width=\"900\" height=\"536\" title=\"\" srcset=\"https:\/\/riff.is\/wp-content\/uploads\/2021\/09\/image.png 900w, https:\/\/riff.is\/wp-content\/uploads\/2021\/09\/image-300x179.png 300w, https:\/\/riff.is\/wp-content\/uploads\/2021\/09\/image-768x457.png 768w, https:\/\/riff.is\/wp-content\/uploads\/2021\/09\/image-600x357.png 600w\" sizes=\"(max-width: 900px) 100vw, 900px\" \/><\/p>\n<h3><span style=\"font-weight: 400;\">Joachim Trewir<\/span><\/h3>\n<p><span style=\"font-weight: 400;\">Joachim jest obecnie uwa\u017cany za jednego z najciekawszych re\u017cyser\u00f3w w krajach nordyckich i m\u00f3wi si\u0119, \u017ce ma wp\u0142yw kszta\u0142tuj\u0105cy na wsp\u00f3\u0142czesn\u0105 kinematografi\u0119, mimo m\u0142odego wieku. Pierwsze kroki za kamer\u0105 stawia\u0142 jako nastolatek, kr\u0119c\u0105c filmy o deskorolkach. P\u00f3\u017aniej studiowa\u0142 filmowanie w Danii i Wielkiej Brytanii, gdzie jego kr\u00f3tkie filmy od razu przyci\u0105gn\u0119\u0142y uwag\u0119.\u00a0<\/span><\/p>\n<p><span style=\"font-weight: 400;\">Jego dwa pierwsze filmy fabularne, Reprise (2006) i Oslo August 31 (2011), rozgrywaj\u0105 si\u0119 w stolicy Norwegii i mo\u017cna je opisa\u0107 jako klasyczne realistyczne historie m\u0142odych ludzi na rozdro\u017cu. Oba odnios\u0142y wielki sukces na festiwalach filmowych po obu stronach Atlantyku. Po nich nakr\u0119ci\u0142 sw\u00f3j debiutancki film angloj\u0119zyczny, <\/span><b>G\u0142o\u015bniej od bomb (2015)<\/b><span style=\"font-weight: 400;\">, w kt\u00f3rym wyst\u0119puj\u0105 Isabelle Huppert i Jesse Eisenberg, zostanie wy\u015bwietlony na festiwalu opr\u00f3cz najnowszego filmu Joachima. <\/span><b>Najgorsza osoba na \u015bwiecie <\/b><span style=\"font-weight: 400;\">film otwieraj\u0105cy tegoroczny RIFF. <\/span><\/p>\n<p><iframe title=\"Najgorsza osoba na \u015bwiecie (Verdens Verste Menneske) \u2013 nowy klip z Cannes 2021 \u2013 1\/2\" width=\"800\" height=\"450\" src=\"https:\/\/www.youtube.com\/embed\/Tw4QYD7E62o?feature=oembed\" frameborder=\"0\" allow=\"accelerometer; autoplay; clipboard-write; encrypted-media; gyroscope; picture-in-picture; web-share\" referrerpolicy=\"strict-origin-when-cross-origin\" allowfullscreen><\/iframe><\/p>\n<p><span style=\"font-weight: 400;\">Trzecim filmem z warsztatu Joachima b\u0119dzie <\/span><b>Oslo, 31 sierpnia<\/b><b>\u015bw. <\/b><span style=\"font-weight: 400;\">i opowiada histori\u0119 jednego dnia z \u017cycia Andersa, uzale\u017cnionego m\u0119\u017cczyzny, kt\u00f3ry bierze dzie\u0144 wolny od pracy w o\u015brodku leczenia uzale\u017cnie\u0144, aby p\u00f3j\u015b\u0107 na rozmow\u0119 kwalifikacyjn\u0105.\u00a0<\/span><\/p>\n<p><img decoding=\"async\" class=\"alignnone wp-image-25780 size-large\" src=\"https:\/\/riff.is\/wp-content\/uploads\/2021\/09\/Mia-Hansen-x-e1632408598775-1024x591.png\" alt=\"\" width=\"1024\" height=\"591\" title=\"\" srcset=\"https:\/\/riff.is\/wp-content\/uploads\/2021\/09\/Mia-Hansen-x-e1632408598775-1024x591.png 1024w, https:\/\/riff.is\/wp-content\/uploads\/2021\/09\/Mia-Hansen-x-e1632408598775-300x173.png 300w, https:\/\/riff.is\/wp-content\/uploads\/2021\/09\/Mia-Hansen-x-e1632408598775-768x443.png 768w, https:\/\/riff.is\/wp-content\/uploads\/2021\/09\/Mia-Hansen-x-e1632408598775-600x346.png 600w, https:\/\/riff.is\/wp-content\/uploads\/2021\/09\/Mia-Hansen-x-e1632408598775.png 1029w\" sizes=\"(max-width: 1024px) 100vw, 1024px\" \/><\/p>\n<h3><span style=\"font-weight: 400;\">Mia Hansen-L\u00f8ve<\/span><\/h3>\n<p><span style=\"font-weight: 400;\">Urodzona w Pary\u017cu w 1981 roku, Mia studiowa\u0142a aktorstwo i pracowa\u0142a jako krytyk, zanim odkry\u0142a swoje powo\u0142anie jako re\u017cyserka. Jej dorobek obejmuje siedem film\u00f3w fabularnych, kt\u00f3re zdoby\u0142y nagrody (w tym Srebrnego Nied\u017awiedzia na Festiwalu Filmowym w Berlinie) oraz uznanie krytyk\u00f3w i publiczno\u015bci.\u00a0<\/span><\/p>\n<p><span style=\"font-weight: 400;\">Jej filmy s\u0105 g\u0142\u0119boko osobiste, w niezwyk\u0142y spos\u00f3b \u0142\u0105cz\u0105 elementy autobiograficzne i fikcyjne. Charakterystyczny dla tych film\u00f3w jest przemy\u015blany i pow\u015bci\u0105gliwy styl, kt\u00f3ry zosta\u0142 opisany jako transparentny, wprowadzaj\u0105cy widz\u00f3w bezpo\u015brednio do \u015bwiata opowie\u015bci. Narracje, zawsze inteligentne, charakteryzuj\u0105 si\u0119 du\u017c\u0105 ilo\u015bci\u0105 dialog\u00f3w i stawiaj\u0105 charakter i atmosfer\u0119 na pierwszym planie. Jej wyj\u0105tkowe i g\u0142\u0119boko emocjonalne filmy stanowi\u0105 awangard\u0119 francuskiego kina.<\/span><\/p>\n<p><iframe title=\"Bergman Island - Oficjalny zwiastun | HD | IFC Films\" width=\"800\" height=\"450\" src=\"https:\/\/www.youtube.com\/embed\/nrlVHVid-20?feature=oembed\" frameborder=\"0\" allow=\"accelerometer; autoplay; clipboard-write; encrypted-media; gyroscope; picture-in-picture; web-share\" referrerpolicy=\"strict-origin-when-cross-origin\" allowfullscreen><\/iframe><\/p>\n<p><span style=\"font-weight: 400;\">Jak wspomniano wcze\u015bniej, na festiwalu zostan\u0105 pokazane trzy filmy Mii, a wszystkie maj\u0105 charakter opisowy jej stylu, kt\u00f3ry jest <\/span><b>Wyspa Bergmana<\/b><span style=\"font-weight: 400;\"> o parze, kt\u00f3ra odizolowa\u0142a si\u0119 na wyspie w dawnym miejscu zamieszkania Ingmara Bergmana, aby doko\u0144czy\u0107 scenariusz filmowy. <\/span><b>Rzeczy, kt\u00f3re nadejd\u0105 <\/b><span style=\"font-weight: 400;\">opowiada o pe\u0142nej pasji kobiecie, kt\u00f3ra jest profesorem filozofii, gran\u0105 przez Isabelle Huppert. Kiedy jej m\u0105\u017c zostawia j\u0105 dla innej kobiety, zyskuje niespodziewan\u0105 wolno\u015b\u0107. Na ko\u0144cu jest <\/span><b>eden <\/b><span style=\"font-weight: 400;\">Historia o nastolatku imieniem Paul. Zak\u0142ada grup\u0119 DJ-sk\u0105 ze swoimi przyjaci\u00f3\u0142mi i razem oddaj\u0105 si\u0119 nocom seksu, narkotyk\u00f3w i muzyki.<\/span><\/p>\n<p><span style=\"font-weight: 400;\">Przez lata RIFF wybiera\u0142 artyst\u00f3w z bran\u017cy filmowej, kt\u00f3rzy wykazali si\u0119 szczeg\u00f3ln\u0105 wizj\u0105 artystyczn\u0105 lub pozostawili g\u0142\u0119boki \u015blad w historii tworzenia film\u00f3w poprzez sw\u00f3j wk\u0142ad na arenie mi\u0119dzynarodowej. Poprzednimi laureatami nagrody byli aktor Mads Mikkelsen i re\u017cyserzy filmowi Milos Forman, Jim Jarmusch, Peter Greenaway i Susanne Bier. W rzeczywisto\u015bci ca\u0142a kategoria jest dedykowana laureatom nagr\u00f3d, a na przyk\u0142ad trzy filmy Mii i Joachima zostan\u0105 wy\u015bwietlone na festiwalu.\u00a0<\/span><\/p>\n<p>&nbsp;<\/p>","protected":false},"excerpt":{"rendered":"<p>Kvikmyndaleikstj\u00f3rarnir Joachim Trier fr\u00e1 Noregi og Mia Hansen &#8211; L\u00f6ve fr\u00e1 Frakklandi hlj\u00f3ta hei\u00f0ursver\u00f0laun RIFF \u00ed \u00e1r fyrir fram\u00farskarandi listr\u00e6na s\u00fdn. Ver\u00f0launin ver\u00f0a afhent af forseta \u00cdslands, Gu\u00f0na Th. J\u00f3hannessyni [&hellip;]<\/p>\n","protected":false},"author":893,"featured_media":25804,"comment_status":"closed","ping_status":"open","sticky":false,"template":"","format":"standard","meta":{"_monsterinsights_skip_tracking":false,"_monsterinsights_sitenote_active":false,"_monsterinsights_sitenote_note":"","_monsterinsights_sitenote_category":0,"_price":"","_stock":"","_tribe_ticket_header":"","_tribe_default_ticket_provider":"","_tribe_ticket_capacity":"0","_ticket_start_date":"","_ticket_end_date":"","_tribe_ticket_show_description":"","_tribe_ticket_show_not_going":false,"_tribe_ticket_use_global_stock":"","_tribe_ticket_global_stock_level":"","_global_stock_mode":"","_global_stock_cap":"","_tribe_rsvp_for_event":"","_tribe_ticket_going_count":"","_tribe_ticket_not_going_count":"","_tribe_tickets_list":"[]","_tribe_ticket_has_attendee_info_fields":false,"footnotes":"","_tec_slr_enabled":"","_tec_slr_layout":""},"categories":[154],"tags":[],"class_list":["post-25777","post","type-post","status-publish","format-standard","has-post-thumbnail","hentry","category-frettatilkynningar"],"ticketed":false,"_links":{"self":[{"href":"https:\/\/riff.is\/pl\/wp-json\/wp\/v2\/posts\/25777","targetHints":{"allow":["GET"]}}],"collection":[{"href":"https:\/\/riff.is\/pl\/wp-json\/wp\/v2\/posts"}],"about":[{"href":"https:\/\/riff.is\/pl\/wp-json\/wp\/v2\/types\/post"}],"author":[{"embeddable":true,"href":"https:\/\/riff.is\/pl\/wp-json\/wp\/v2\/users\/893"}],"replies":[{"embeddable":true,"href":"https:\/\/riff.is\/pl\/wp-json\/wp\/v2\/comments?post=25777"}],"version-history":[{"count":5,"href":"https:\/\/riff.is\/pl\/wp-json\/wp\/v2\/posts\/25777\/revisions"}],"predecessor-version":[{"id":26258,"href":"https:\/\/riff.is\/pl\/wp-json\/wp\/v2\/posts\/25777\/revisions\/26258"}],"wp:featuredmedia":[{"embeddable":true,"href":"https:\/\/riff.is\/pl\/wp-json\/wp\/v2\/media\/25804"}],"wp:attachment":[{"href":"https:\/\/riff.is\/pl\/wp-json\/wp\/v2\/media?parent=25777"}],"wp:term":[{"taxonomy":"category","embeddable":true,"href":"https:\/\/riff.is\/pl\/wp-json\/wp\/v2\/categories?post=25777"},{"taxonomy":"post_tag","embeddable":true,"href":"https:\/\/riff.is\/pl\/wp-json\/wp\/v2\/tags?post=25777"}],"curies":[{"name":"wp","href":"https:\/\/api.w.org\/{rel}","templated":true}]}}