{"id":47413,"date":"2023-07-05T20:00:54","date_gmt":"2023-07-05T20:00:54","guid":{"rendered":"https:\/\/riff.is\/?p=47413"},"modified":"2023-07-05T16:28:39","modified_gmt":"2023-07-05T16:28:39","slug":"haskolabio-adalsyningarhus-riff-i-haust","status":"publish","type":"post","link":"https:\/\/riff.is\/pl\/haskolabio-adalsyningarhus-riff-i-haust\/","title":{"rendered":"H\u00e1sk\u00f3lab\u00ed\u00f3 a\u00f0als\u00fdningarh\u00fas RIFF \u00ed haust"},"content":{"rendered":"<p class=\"translation-block\">\u00dea\u00f0 eru mikil gle\u00f0it\u00ed\u00f0indi a\u00f0 H\u00e1sk\u00f3lab\u00ed\u00f3 ver\u00f0ur a\u00f0alb\u00ed\u00f3h\u00fas RIFF, Al\u00fej\u00f3\u00f0legrar kvikmyndah\u00e1t\u00ed\u00f0ar \u00ed Reykjav\u00edk, \u00ed haust. H\u00fasi\u00f0 mun i\u00f0a af l\u00edfi \u00feessa 11 daga en til stendur a\u00f0 s\u00fdna fj\u00f6ldamargar splunkun\u00fdjar kvikmyndir&nbsp; fr\u00e1 \u00f6llum heimshornum \u00e1&nbsp; h\u00e1t\u00ed\u00f0inni sem haldin ver\u00f0ur \u00ed tuttugasta sinn dagana <strong>28. september til 8. okt\u00f3ber<\/strong>. Von er \u00e1 fj\u00f6lda erlendra gesta m.a. leikstj\u00f3rum mynda og efnt ver\u00f0ur til umr\u00e6\u00f0na af \u00fdmsu tagi, lj\u00f3smyndas\u00fdning sem tengist s\u00f6gu RIFF ver\u00f0ur i anddyri, t\u00f3nleikar og fleira.<\/p>\n<figure id=\"attachment_47422\" aria-describedby=\"caption-attachment-47422\" style=\"width: 539px\" class=\"wp-caption alignright\"><img fetchpriority=\"high\" decoding=\"async\" class=\"wp-image-47422\" src=\"https:\/\/riff.is\/wp-content\/uploads\/2023\/07\/AldisAmah-1024x684.jpg\" alt=\"\" width=\"539\" height=\"360\" title=\"\" srcset=\"https:\/\/riff.is\/wp-content\/uploads\/2023\/07\/AldisAmah-1024x684.jpg 1024w, https:\/\/riff.is\/wp-content\/uploads\/2023\/07\/AldisAmah-300x200.jpg 300w, https:\/\/riff.is\/wp-content\/uploads\/2023\/07\/AldisAmah-768x513.jpg 768w, https:\/\/riff.is\/wp-content\/uploads\/2023\/07\/AldisAmah-1536x1025.jpg 1536w, https:\/\/riff.is\/wp-content\/uploads\/2023\/07\/AldisAmah-600x400.jpg 600w, https:\/\/riff.is\/wp-content\/uploads\/2023\/07\/AldisAmah.jpg 1920w\" sizes=\"(max-width: 539px) 100vw, 539px\" \/><figcaption id=\"caption-attachment-47422\" class=\"wp-caption-text\">Ald\u00eds Amah Hamilton \u00e1 opnunarh\u00e1t\u00ed\u00f0 RIFF 2022<\/figcaption><\/figure>\n<p>Me\u00f0 \u00feessu mun kvikmynda\u00e1hugaf\u00f3lki bj\u00f3\u00f0ast einstakt t\u00e6kif\u00e6ri a\u00f0 sj\u00e1 kvikmyndir \u00ed h\u00fasinu \u00e1 n\u00fd en eins og kunnugt var h\u00e6tt me\u00f0 almennar kvikmyndas\u00fdningar \u00ed h\u00fasinu um s\u00ed\u00f0ustu m\u00e1na\u00f0am\u00f3t.<\/p>\n<p>RIFF var me\u00f0 s\u00fdningar \u00ed \u00f6llum fj\u00f3rum s\u00f6lum H\u00e1sk\u00f3lab\u00ed\u00f3s \u00ed fyrra og j\u00f3kst mi\u00f0asala \u00e1 milli \u00e1ra.<\/p>\n<p class=\"translation-block\">Sem fyrr mun RIFF jafnframt standa fyrir vi\u00f0bur\u00f0um og kvikmyndas\u00fdningum m.a. \u00ed Norr\u00e6na h\u00fasinu en jafnframt v\u00ed\u00f0a \u00e1 landsbygg\u00f0inni auk \u00feess sem s\u00fdndar ver\u00f0a myndir af \u00fdmsu tagi v\u00ed\u00f0svegar um borgina undir merkinu&nbsp; <strong>RIFF um alla borg <\/strong>\u00e1 skr\u00edtnu og skemmtilegum st\u00f6\u00f0um en l\u00edka&nbsp;&nbsp; \u00e1 b\u00f3kas\u00f6fnum, hj\u00fakrunarheimilum og \u00ed \u00f6\u00f0rum menningarh\u00fasum.<\/p>\n<p>&nbsp;<\/p>\n<p><strong>H\u00e1sk\u00f3lab\u00ed\u00f3 \u00e1fram menningarh\u00fas<\/strong><\/p>\n<p class=\"translation-block\">A\u00f0 s\u00f6gn <strong>\u00deorvalds Kolbeins, rekstrarstj\u00f3ra<\/strong> H\u00e1sk\u00f3lab\u00ed\u00f3s er mikill eftirv\u00e6nting fyrir RIFF og til standi a\u00f0 hafa menningarvi\u00f0bur\u00f0i af \u00fdmsu tagi \u00e1fram \u00ed h\u00fasinu. \u201eH\u00e1sk\u00f3lab\u00ed\u00f3 heldur \u00e1fram a\u00f0 vera st\u00f3r og skemmtilegur skemmtista\u00f0ur vestan vi\u00f0 l\u00e6k,\u201c segir hann en h\u00fasi\u00f0 \u00e1 s\u00e9r vissulega langa og vi\u00f0bur\u00f0ar\u00edka s\u00f6gu sem menningarh\u00fas \u00ed Reykjav\u00edk.<\/p>\n<p class=\"translation-block\">Fyrir h\u00e1t\u00ed\u00f0ina ver\u00f0ur h\u00fasi\u00f0 skreytt upp \u00e1 n\u00fdtt a\u00f0 innan og allt gert til a\u00f0 gera m\u00f3tt\u00f6kur sem hl\u00fdjastar fyrir gesti RIFF en \u00fea\u00f0 ver\u00f0ur gert \u00ed samstarfi vi\u00f0 <strong>G\u00f3\u00f0a Hir\u00f0irinn<\/strong> \u00ed samr\u00e6mi vi\u00f0 umhverfisv\u00e6na stefnu h\u00e1t\u00ed\u00f0arinnar.<\/p>\n<p class=\"translation-block\">RIFF var einnig me\u00f0 s\u00fdningar \u00ed H\u00e1sk\u00f3lab\u00ed\u00f3 \u00e1 s\u00ed\u00f0asta \u00e1ri og gengu s\u00fdningar \u00fear afar vel, a\u00f0 s\u00f6gn <strong>Hrannar Marin\u00f3sd\u00f3ttur, stj\u00f3rnanda RIFF <\/strong>og j\u00f3kst mi\u00f0asala \u00e1 milli \u00e1ra.. \u201eVi\u00f0 erum virkilega spennt a\u00f0 f\u00e1 a\u00f0 vera \u00e1fram \u00ed H\u00e1sk\u00f3lab\u00ed\u00f3i&nbsp; sem er fr\u00e1b\u00e6rt b\u00ed\u00f3- og menningarh\u00fas og ver\u00f0ur \u00fea\u00f0 vonandi um \u00f3komna t\u00ed\u00f0 enda er h\u00fasi\u00f0 s\u00e9rstaklega mikilv\u00e6gt \u00ed kvikmynda- og menningars\u00f6gu \u00cdslands,\u201c segir h\u00fan.<\/p>\n<p>&nbsp;<\/p>\n<p><strong>Almennt um H\u00e1sk\u00f3lab\u00ed\u00f3<\/strong><\/p>\n<figure id=\"attachment_47415\" aria-describedby=\"caption-attachment-47415\" style=\"width: 618px\" class=\"wp-caption alignright\"><img decoding=\"async\" class=\"wp-image-47415\" src=\"https:\/\/riff.is\/wp-content\/uploads\/2023\/07\/HronnMarinos-Haskolabio-1024x731.jpg\" alt=\"\" width=\"618\" height=\"441\" title=\"\" srcset=\"https:\/\/riff.is\/wp-content\/uploads\/2023\/07\/HronnMarinos-Haskolabio-1024x731.jpg 1024w, https:\/\/riff.is\/wp-content\/uploads\/2023\/07\/HronnMarinos-Haskolabio-300x214.jpg 300w, https:\/\/riff.is\/wp-content\/uploads\/2023\/07\/HronnMarinos-Haskolabio-768x548.jpg 768w, https:\/\/riff.is\/wp-content\/uploads\/2023\/07\/HronnMarinos-Haskolabio-1536x1097.jpg 1536w, https:\/\/riff.is\/wp-content\/uploads\/2023\/07\/HronnMarinos-Haskolabio-600x428.jpg 600w, https:\/\/riff.is\/wp-content\/uploads\/2023\/07\/HronnMarinos-Haskolabio.jpg 1553w\" sizes=\"(max-width: 618px) 100vw, 618px\" \/><figcaption id=\"caption-attachment-47415\" class=\"wp-caption-text\">Hr\u00f6nn Mar\u00edn\u00f3sd\u00f3ttir stj\u00f3rnandi RIFF fyrir framan H\u00e1sk\u00f3lab\u00ed\u00f3<\/figcaption><\/figure>\n<p>H\u00e1sk\u00f3lab\u00ed\u00f3 hefur starfa\u00f0 sem kvikmyndah\u00fas allt fr\u00e1 1961 en SENA haf\u00f0i s\u00e9\u00f0 um rekstur \u00feess s\u00ed\u00f0an<\/p>\n<p>2007. Samningur vi\u00f0 SENU rann \u00fat \u00ed j\u00fan\u00ed m\u00e1nu\u00f0i \u00e1 \u00feessu \u00e1ri hafa \u00fev\u00ed almennar s\u00fdningar veri\u00f0 lag\u00f0ar ni\u00f0ur.<\/p>\n<p>H\u00fasi\u00f0 hefur lengi vel veri\u00f0 eitt helsta menningarh\u00fas Reykjav\u00edkurborgar en \u00fea\u00f0 var a\u00f0alt\u00f3nleikah\u00fas Sinf\u00f3n\u00eduhlj\u00f3msveitar \u00cdslands um \u00e1rabil e\u00f0a \u00fear til T\u00f3nlistarh\u00fasi\u00f0 Harpa var teki\u00f0 \u00ed notkun \u00e1ri\u00f0 2011. \u00dea\u00f0 eiga \u00fev\u00ed margir g\u00f3\u00f0ar minningar um vi\u00f0bur\u00f0i \u00ed \u00feessu s\u00f6gufr\u00e6ga h\u00fasi sem mun ekki h\u00e6tta a\u00f0 vera mi\u00f0st\u00f6\u00f0 menningar.<\/p>","protected":false},"excerpt":{"rendered":"<p>\u00dea\u00f0 eru mikil gle\u00f0it\u00ed\u00f0indi a\u00f0 H\u00e1sk\u00f3lab\u00ed\u00f3 ver\u00f0ur a\u00f0alb\u00ed\u00f3h\u00fas RIFF, Al\u00fej\u00f3\u00f0legrar kvikmyndah\u00e1t\u00ed\u00f0ar \u00ed Reykjav\u00edk, \u00ed haust. H\u00fasi\u00f0 mun i\u00f0a af l\u00edfi \u00feessa 11 daga en til stendur a\u00f0 s\u00fdna fj\u00f6ldamargar splunkun\u00fdjar [&hellip;]<\/p>\n","protected":false},"author":893,"featured_media":47420,"comment_status":"closed","ping_status":"open","sticky":false,"template":"","format":"standard","meta":{"_monsterinsights_skip_tracking":false,"_monsterinsights_sitenote_active":false,"_monsterinsights_sitenote_note":"","_monsterinsights_sitenote_category":0,"_price":"","_stock":"","_tribe_ticket_header":"","_tribe_default_ticket_provider":"","_tribe_ticket_capacity":"0","_ticket_start_date":"","_ticket_end_date":"","_tribe_ticket_show_description":"","_tribe_ticket_show_not_going":false,"_tribe_ticket_use_global_stock":"","_tribe_ticket_global_stock_level":"","_global_stock_mode":"","_global_stock_cap":"","_tribe_rsvp_for_event":"","_tribe_ticket_going_count":"","_tribe_ticket_not_going_count":"","_tribe_tickets_list":"[]","_tribe_ticket_has_attendee_info_fields":false,"footnotes":"","_tec_slr_enabled":"","_tec_slr_layout":""},"categories":[153],"tags":[684,677,685],"class_list":["post-47413","post","type-post","status-publish","format-standard","has-post-thumbnail","hentry","category-frettir","tag-haskolabio","tag-riff","tag-riff-20-ara"],"ticketed":false,"_links":{"self":[{"href":"https:\/\/riff.is\/pl\/wp-json\/wp\/v2\/posts\/47413","targetHints":{"allow":["GET"]}}],"collection":[{"href":"https:\/\/riff.is\/pl\/wp-json\/wp\/v2\/posts"}],"about":[{"href":"https:\/\/riff.is\/pl\/wp-json\/wp\/v2\/types\/post"}],"author":[{"embeddable":true,"href":"https:\/\/riff.is\/pl\/wp-json\/wp\/v2\/users\/893"}],"replies":[{"embeddable":true,"href":"https:\/\/riff.is\/pl\/wp-json\/wp\/v2\/comments?post=47413"}],"version-history":[{"count":5,"href":"https:\/\/riff.is\/pl\/wp-json\/wp\/v2\/posts\/47413\/revisions"}],"predecessor-version":[{"id":47428,"href":"https:\/\/riff.is\/pl\/wp-json\/wp\/v2\/posts\/47413\/revisions\/47428"}],"wp:featuredmedia":[{"embeddable":true,"href":"https:\/\/riff.is\/pl\/wp-json\/wp\/v2\/media\/47420"}],"wp:attachment":[{"href":"https:\/\/riff.is\/pl\/wp-json\/wp\/v2\/media?parent=47413"}],"wp:term":[{"taxonomy":"category","embeddable":true,"href":"https:\/\/riff.is\/pl\/wp-json\/wp\/v2\/categories?post=47413"},{"taxonomy":"post_tag","embeddable":true,"href":"https:\/\/riff.is\/pl\/wp-json\/wp\/v2\/tags?post=47413"}],"curies":[{"name":"wp","href":"https:\/\/api.w.org\/{rel}","templated":true}]}}