{"id":51479,"date":"2023-10-05T16:02:35","date_gmt":"2023-10-05T16:02:35","guid":{"rendered":"https:\/\/riff.is\/?p=51479"},"modified":"2023-10-05T16:04:09","modified_gmt":"2023-10-05T16:04:09","slug":"vidtal-vid-sophie-blondy-leikstjora-segdu-mer-iggy","status":"publish","type":"post","link":"https:\/\/riff.is\/pl\/vidtal-vid-sophie-blondy-leikstjora-segdu-mer-iggy\/","title":{"rendered":"Wywiad z Sophie Blondy, re\u017cyserk\u0105 filmu Tell Me Iggy"},"content":{"rendered":"<p><span style=\"font-weight: 400;\">RIFF \u2013 Reykjav\u00edk International Film Festival \u2013 jest ju\u017c w dwudziestym roku, zosta\u0142o pi\u0119\u0107 dni. Jednym z film\u00f3w, kt\u00f3re wy\u015bwietlamy na RIFF 2023, jest dokument Tell Me Iggy \/ Seg\u00f0u m\u00e9r Iggy autorstwa francuskiej re\u017cyserki Sophie Bondy, kt\u00f3ry eksploruje \u017cycie i sztuk\u0119 legendarnego rockera Iggy&#039;ego Popa. Zapytali\u015bmy Sophie o jej wsp\u00f3\u0142prac\u0119 z Iggym, kt\u00f3ra trwa ju\u017c ponad dekad\u0119.<\/span><\/p>\n<ol>\n<li><strong> Twoja wsp\u00f3\u0142praca z Iggy Popem si\u0119ga filmu L&#039;Etoile du jour (2016), w kt\u00f3rym gra\u0142 g\u0142\u00f3wn\u0105 rol\u0119. Co pocz\u0105tkowo przyci\u0105gn\u0119\u0142o ci\u0119 do Iggy&#039;ego i sprawi\u0142o, \u017ce chcia\u0142e\u015b przyj\u0105\u0107 rol\u0119 w filmie?<\/strong><\/li>\n<\/ol>\n<p><span style=\"font-weight: 400;\">Film L&#039;Etoile du jour ukaza\u0142 si\u0119 w 2016 roku, ale znam Iggy&#039;ego od 2011 roku. Zawsze mia\u0142em wielki szacunek dla wyj\u0105tkowego, buntowniczego, utalentowanego i prawego artysty, jakim jest. Poproszenie go o zagranie roli \u201eSumienia\u201d, g\u0142\u00f3wnej postaci w moim filmie, by\u0142o oczywiste. Wszech\u015bwiat zaprowadzi\u0142 mnie do niego. Czasami jeste\u015bmy popychani do przodu, poza siebie, tak si\u0119 sta\u0142o. To by\u0142o jak objawienie i poszed\u0142em za g\u0142osem serca. Potem wszystko sta\u0142o si\u0119 jasne i \u0142atwe. Iggy, kt\u00f3ry mieszka\u0142 w Miami, marzy\u0142 o pracy z Denisem Lavantem, kt\u00f3ry gra\u0142 Elliota (jak mog\u0142em si\u0119 domy\u015bli\u0107?). Iggy chcia\u0142 r\u00f3wnie\u017c zobaczy\u0107 m\u00f3j pierwszy film fabularny She &amp; Him on the 14th Floor z Guillaume Depardieu i bardzo mu si\u0119 spodoba\u0142. Wszystko zacz\u0119\u0142o si\u0119 tam.<\/span><\/p>\n<ol start=\"2\">\n<li><strong><strong> Tw\u00f3j dokument Tell Me Iggy ujawnia \u017cyw\u0105 osobowo\u015b\u0107 Iggy&#039;ego Popa. W \u015bwietle przesz\u0142o\u015bci<\/strong><\/strong>\n<figure id=\"attachment_51482\" aria-describedby=\"caption-attachment-51482\" style=\"width: 300px\" class=\"wp-caption alignright\"><img fetchpriority=\"high\" decoding=\"async\" class=\"wp-image-51482 size-medium\" src=\"https:\/\/riff.is\/wp-content\/uploads\/2023\/10\/SOPHIE-BLONDY-PHOTO-300x300.jpg\" alt=\"\" width=\"300\" height=\"300\" title=\"\" srcset=\"https:\/\/riff.is\/wp-content\/uploads\/2023\/10\/SOPHIE-BLONDY-PHOTO-300x300.jpg 300w, https:\/\/riff.is\/wp-content\/uploads\/2023\/10\/SOPHIE-BLONDY-PHOTO-1024x1024.jpg 1024w, https:\/\/riff.is\/wp-content\/uploads\/2023\/10\/SOPHIE-BLONDY-PHOTO-150x150.jpg 150w, https:\/\/riff.is\/wp-content\/uploads\/2023\/10\/SOPHIE-BLONDY-PHOTO-768x768.jpg 768w, https:\/\/riff.is\/wp-content\/uploads\/2023\/10\/SOPHIE-BLONDY-PHOTO-1536x1536.jpg 1536w, https:\/\/riff.is\/wp-content\/uploads\/2023\/10\/SOPHIE-BLONDY-PHOTO-12x12.jpg 12w, https:\/\/riff.is\/wp-content\/uploads\/2023\/10\/SOPHIE-BLONDY-PHOTO-600x600.jpg 600w, https:\/\/riff.is\/wp-content\/uploads\/2023\/10\/SOPHIE-BLONDY-PHOTO-100x100.jpg 100w, https:\/\/riff.is\/wp-content\/uploads\/2023\/10\/SOPHIE-BLONDY-PHOTO.jpg 1956w\" sizes=\"(max-width: 300px) 100vw, 300px\" \/><figcaption id=\"caption-attachment-51482\" class=\"wp-caption-text\">Sophie Blondy, re\u017cyserka filmu Powiedz mi, Iggy<\/figcaption><\/figure>\n<p><strong>co sk\u0142oni\u0142o Ci\u0119 do zag\u0142\u0119bienia si\u0119 w osobist\u0105 histori\u0119 Iggy&#039;ego Popa i dlaczego uzna\u0142e\u015b, \u017ce wa\u017cne jest nakr\u0119cenie tego dokumentu?<\/strong><\/li>\n<\/ol>\n<p><span style=\"font-weight: 400;\">Przez 10 lat pod\u0105\u017ca\u0142em za Iggym na koncercie i filmowa\u0142em go we Francji, Berlinie i Atenach. Chcia\u0142em zrobi\u0107 dokument z g\u0142\u0119bsz\u0105 i inn\u0105 perspektyw\u0105. Dokument, kt\u00f3ry mia\u0142by wra\u017cliwy wymiar, taki, jaki widzia\u0142em sam, poza powierzchni\u0105. Aby p\u00f3j\u015b\u0107 dalej, poza percepcj\u0119. Iggy zaakceptowa\u0142 to natychmiast i da\u0142 mi najwi\u0119kszy prezent, jaki mog\u0142em otrzyma\u0107, kiedy powiedzia\u0142: \u201eMo\u017cesz mnie filmowa\u0107, jak chcesz, wiem, jak mnie widzisz\u201d. Jego pewno\u015b\u0107 siebie jest idealnym darem. Tak jak on sam jest DOSKONA\u0141Y.<\/span><\/p>\n<ol start=\"3\">\n<li><strong> Jak to by\u0142o kr\u0119ci\u0107 dokument z gwiazd\u0105 rocka? Czym to si\u0119 r\u00f3\u017cni\u0142o od wsp\u00f3lnej pracy nad filmem fabularnym?<\/strong><\/li>\n<\/ol>\n<p><span style=\"font-weight: 400;\">Re\u017cyserowanie aktor\u00f3w i re\u017cyserowanie filmu r\u00f3\u017cni si\u0119 w zale\u017cno\u015bci od tego, czy film jest fikcj\u0105 czy dokumentem, ale punkt wyj\u015bcia jest zawsze solidny. Wszystko bierze si\u0119 z tego po\u0142\u0105czenia. Iggy widzi wszystko, a ty po prostu musisz by\u0107 sob\u0105. Mi\u0119dzy nami jest \u0142atwo. Iggy jest bardzo ciekawy, profesjonalny i wra\u017cliwy, jest tak zainspirowany i inspiruj\u0105cy. To jak magia, kosmiczne pr\u0105dy. Czuj\u0119, jakby\u015bmy znali si\u0119 od zawsze.<\/span><\/p>\n<ol start=\"4\">\n<li><strong> Na czym si\u0119 g\u0142\u00f3wnie skupi\u0142e\u015b, przedstawiaj\u0105c wieloaspektow\u0105 posta\u0107 Iggy&#039;ego w dokumencie, i w jaki spos\u00f3b wybra\u0142e\u015b temat, kt\u00f3ry mia\u0142 by\u0107 g\u0142\u00f3wnym tematem?<\/strong><\/li>\n<\/ol>\n<p><span style=\"font-weight: 400;\">Tworzenie filmu to tajemniczy proces. Inspiracja przychodzi, kiedy chce i to ona mnie nap\u0119dza. Film jest odr\u0119bnym bytem i pod\u0105\u017cam za nim najlepiej, jak potrafi\u0119. To film prowadzi i jest si\u0142\u0105 nap\u0119dow\u0105. Zaj\u0119\u0142o mi kilka lat, aby nakr\u0119ci\u0107 Tell Me Iggy i chocia\u017c ostatnie wywiady z Iggym w Miami s\u0105 niedawne, wszystko zacz\u0119\u0142o si\u0119 du\u017co wcze\u015bniej w moim sercu. Chcia\u0142em podzieli\u0107 si\u0119 swoim szcz\u0119\u015bciem z innymi lud\u017ami i pokaza\u0107 im \u201etego Iggy\u2019ego\u201d.<\/span><\/p>\n<ol start=\"5\">\n<li><strong> Tw\u00f3j dokument skutecznie uchwyci\u0142 niekonwencjonaln\u0105 obecno\u015b\u0107 Iggy&#039;ego poprzez znalezione materia\u0142y filmowe od pocz\u0105tku jego kariery do ostatnich nagra\u0144 koncertowych. Jak zebra\u0142e\u015b te materia\u0142y i z\u0142o\u017cy\u0142e\u015b je w ca\u0142o\u015b\u0107, aby zinterpretowa\u0107 woln\u0105 osobowo\u015b\u0107 Iggy&#039;ego? Jak wygl\u0105da\u0142 Tw\u00f3j proces opowiadania historii za pomoc\u0105 tych materia\u0142\u00f3w filmowych?<\/strong><\/li>\n<\/ol>\n<p><span style=\"font-weight: 400;\">Filmuj\u0119 koncerty Iggy&#039;ego od dekady i uda\u0142o nam si\u0119 stworzy\u0107 \u015bwietny materia\u0142. Po raz kolejny to film mnie nap\u0119dza, a ja pozwalam sobie pod\u0105\u017ca\u0107 za nim i by\u0107 przez niego nap\u0119dzanym. To d\u0142ugie zadanie, aby z\u0142o\u017cy\u0107 film z monta\u017cyst\u0105. Szukamy, eksplorujemy, to d\u0142ugi i ekscytuj\u0105cy proces. Musisz znale\u017a\u0107 r\u00f3wnowag\u0119 w rytmie. Obrazy, muzyka, s\u0142owa... Zawsze to film wy\u0142ania si\u0119 jako zwyci\u0119zca. Jestem tylko kana\u0142em, kt\u00f3ry pozwala filmowi narodzi\u0107 si\u0119 i rozwin\u0105\u0107, a to wielki przywilej.<\/span><\/p>\n<ol start=\"6\">\n<li><strong> Czy po sukcesie waszego porywaj\u0105cego dokumentu s\u0105 jakie\u015b perspektywy na przysz\u0142\u0105 wsp\u00f3\u0142prac\u0119 mi\u0119dzy tob\u0105 a Iggym?<\/strong><\/li>\n<\/ol>\n<p><span style=\"font-weight: 400;\">Obecnie podr\u00f3\u017cuj\u0119 z Tell Me Iggy pomi\u0119dzy festiwalami filmowymi. Poza tym pozwalam \u017cyciu mnie inspirowa\u0107\u2026 zobaczymy! Ale jest jedna rzecz, kt\u00f3r\u0105 chc\u0119 doda\u0107. Iggy jest nieodr\u00f3\u017cnialn\u0105 istot\u0105, kt\u00f3ra budzi nas wszystkich swoj\u0105 muzyk\u0105, promienn\u0105 obecno\u015bci\u0105 i si\u0142\u0105. On sam jest darem w wymiarze tak wielkim jak jego inteligencja i pokora. Jest rzadk\u0105 istot\u0105 o wielkim sercu. Spotkanie z nim zmieni\u0142o moje \u017cycie. Zobaczy\u0142 mnie.<\/span><\/p>\n<p><b>Powiedz mi Iggy<\/b><\/p>\n<p><span style=\"font-weight: 400;\">Sophie Blondy, Francja, 2022, 52 min<\/span><\/p>\n<p><span style=\"font-weight: 400;\">5.10. @ Kino Uniwersyteckie 16:00 \u2013 15:45 + sesja pyta\u0144 i odpowiedzi\u00a0 <a href=\"https:\/\/riff23.eventive.org\/schedule\/65018b50d81b24001f324bbb\" rel=\"nofollow noopener\" target=\"_blank\"><strong>Bilety mo\u017cesz kupi\u0107 tutaj<\/strong><\/a><\/span><\/p>\n<p><span style=\"font-weight: 400;\">7.10. @ Kino Uniwersyteckie 15:00 \u2013 21:00\u00a0 \u00a0 \u00a0<a href=\"https:\/\/riff23.eventive.org\/schedule\/65018b50d81b24001f324bd5\" rel=\"nofollow noopener\" target=\"_blank\"><strong>Bilety mo\u017cesz kupi\u0107 tutaj<\/strong><\/a><\/span><\/p>\n<p><span style=\"font-size: 16px; font-weight: 400;\"><span style=\"font-weight: 400;\">Osobisty dokument o legendzie rocka Iggym Popie, nakr\u0119cony w Europie i Stanach Zjednoczonych dla Canal+, zaprasza widz\u00f3w do \u015bledzenia 76-letniego artysty, kt\u00f3ry nadal wyst\u0119puje na ca\u0142ym \u015bwiecie, poprzez wywiady z jego przyjaci\u00f3\u0142mi i wsp\u00f3\u0142pracownikami, takimi jak John Waters, Johnny Depp, Debbie Harry i Blondie, Denis Lavant, Pierre &amp; Gilles oraz jego producentem Alainem Lahan\u0105.<\/span><\/span><\/p>","protected":false},"excerpt":{"rendered":"<p>RIFF &#8211; Al\u00fej\u00f3\u00f0leg kvikmyndah\u00e1t\u00ed\u00f0 \u00ed Reykjav\u00edk &#8211; er n\u00fa haldin \u00ed tuttugasta sinn og eru fimm dagar eftir af h\u00e1t\u00ed\u00f0inni. Ein \u00feeirra mynda sem vi\u00f0 s\u00fdnum \u00e1 RIFF 2023 er [&hellip;]<\/p>\n","protected":false},"author":893,"featured_media":51481,"comment_status":"closed","ping_status":"open","sticky":false,"template":"","format":"standard","meta":{"_monsterinsights_skip_tracking":false,"_monsterinsights_sitenote_active":false,"_monsterinsights_sitenote_note":"","_monsterinsights_sitenote_category":0,"_price":"","_stock":"","_tribe_ticket_header":"","_tribe_default_ticket_provider":"","_tribe_ticket_capacity":"0","_ticket_start_date":"","_ticket_end_date":"","_tribe_ticket_show_description":"","_tribe_ticket_show_not_going":false,"_tribe_ticket_use_global_stock":"","_tribe_ticket_global_stock_level":"","_global_stock_mode":"","_global_stock_cap":"","_tribe_rsvp_for_event":"","_tribe_ticket_going_count":"","_tribe_ticket_not_going_count":"","_tribe_tickets_list":"[]","_tribe_ticket_has_attendee_info_fields":false,"footnotes":"","_tec_slr_enabled":"","_tec_slr_layout":""},"categories":[153],"tags":[],"class_list":["post-51479","post","type-post","status-publish","format-standard","has-post-thumbnail","hentry","category-frettir"],"ticketed":false,"_links":{"self":[{"href":"https:\/\/riff.is\/pl\/wp-json\/wp\/v2\/posts\/51479","targetHints":{"allow":["GET"]}}],"collection":[{"href":"https:\/\/riff.is\/pl\/wp-json\/wp\/v2\/posts"}],"about":[{"href":"https:\/\/riff.is\/pl\/wp-json\/wp\/v2\/types\/post"}],"author":[{"embeddable":true,"href":"https:\/\/riff.is\/pl\/wp-json\/wp\/v2\/users\/893"}],"replies":[{"embeddable":true,"href":"https:\/\/riff.is\/pl\/wp-json\/wp\/v2\/comments?post=51479"}],"version-history":[{"count":3,"href":"https:\/\/riff.is\/pl\/wp-json\/wp\/v2\/posts\/51479\/revisions"}],"predecessor-version":[{"id":51485,"href":"https:\/\/riff.is\/pl\/wp-json\/wp\/v2\/posts\/51479\/revisions\/51485"}],"wp:featuredmedia":[{"embeddable":true,"href":"https:\/\/riff.is\/pl\/wp-json\/wp\/v2\/media\/51481"}],"wp:attachment":[{"href":"https:\/\/riff.is\/pl\/wp-json\/wp\/v2\/media?parent=51479"}],"wp:term":[{"taxonomy":"category","embeddable":true,"href":"https:\/\/riff.is\/pl\/wp-json\/wp\/v2\/categories?post=51479"},{"taxonomy":"post_tag","embeddable":true,"href":"https:\/\/riff.is\/pl\/wp-json\/wp\/v2\/tags?post=51479"}],"curies":[{"name":"wp","href":"https:\/\/api.w.org\/{rel}","templated":true}]}}