{"id":55978,"date":"2024-09-11T11:05:05","date_gmt":"2024-09-11T11:05:05","guid":{"rendered":"https:\/\/riff.is\/?p=55978"},"modified":"2024-09-18T11:52:16","modified_gmt":"2024-09-18T11:52:16","slug":"opnunarmyndir-riff-i-ar-eru-elskulegur-og-geimrap-birnis-og-brietar","status":"publish","type":"post","link":"https:\/\/riff.is\/pl\/opnunarmyndir-riff-i-ar-eru-elskulegur-og-geimrap-birnis-og-brietar\/","title":{"rendered":"Filmami otwieraj\u0105cymi tegoroczny RIFF b\u0119d\u0105 Elskuleg oraz Space Cry Birnira i Br\u00edetara."},"content":{"rendered":"<p class=\"translation-block\">Norwesko-islandzka re\u017cyserka <strong>Lilja Ing\u00f3lfsd\u00f3ttir<\/strong> ma zaszczyt otworzy\u0107 tegoroczny Mi\u0119dzynarodowy Festiwal Filmowy RIFF w Reykjaviku, kt\u00f3ry rozpocznie si\u0119 w H\u00e1sk\u00f3lab\u00ed\u00f3 26 wrze\u015bnia i potrwa do 6 pa\u017adziernika.<\/p>\n<p class=\"translation-block\"><strong>Loveable,<\/strong> jak nazywa si\u0119 film po norwesku, lub <strong>Elskuleg<\/strong> po islandzku, to debiut Lilji na du\u017cym ekranie, ale dzie\u0142o mia\u0142o premier\u0119 wcze\u015bniej w tym roku w Oslo i mo\u017cna \u015bmia\u0142o powiedzie\u0107, \u017ce przyci\u0105gn\u0119\u0142o wiele uwagi ze wzgl\u0119du na emocjonaln\u0105 tre\u015b\u0107 i wyj\u0105tkow\u0105 interpretacj\u0119 g\u0142\u00f3wnej aktorki filmu, <strong>Helgi Guren,<\/strong> kt\u00f3ra wed\u0142ug <strong>Variety<\/strong> jest uwa\u017cana za osob\u0119, kt\u00f3ra w roli Marii, kt\u00f3ra stara si\u0119 opiekowa\u0107 czw\u00f3rk\u0105 dzieci z tak\u0105 sam\u0105 ambicj\u0105, jak swoj\u0105 karier\u0105, podczas gdy jej drugi m\u0105\u017c, Sigmund, ci\u0105gle podr\u00f3\u017cuje, pokazuje wyj\u0105tkowo odwa\u017cny wyst\u0119p. Pewnego dnia oni z kolei opiekuj\u0105 si\u0119 nimi zaciekle, co powoduje, \u017ce m\u0119\u017cczyzna sk\u0142ada pozew o rozw\u00f3d.<\/p>\n<p style=\"text-align: center;\"><strong>\u201eostry dramat emocjonalny\u201d<\/strong><\/p>\n<p><strong>kt\u00f3ry w lipcu otrzyma\u0142 owacj\u0119 na stoj\u0105co na Festiwalu Filmowym w Karlowych Warach <\/strong><\/p>\n<p class=\"translation-block\"><strong>Variety<\/strong> w swojej recenzji debiutu Lilji stwierdza, \u017ce jest to \u201eemocjonalnie poszarpany debiut\u201d i \u017ce film to \u201eniezwyk\u0142a i inteligentna historia, kt\u00f3ra szuka odpowiedzi na pytanie, dlaczego drugie ma\u0142\u017ce\u0144stwo z rz\u0119du ko\u0144czy si\u0119 tak jak pierwsze, i kto, je\u015bli ktokolwiek, jest temu winien\u201d.<\/p>\n<p class=\"translation-block\">Film otrzyma\u0142 owacj\u0119 na stoj\u0105co na Festiwalu Filmowym <strong>w Karlowych Warach<\/strong> w Czechach w lipcu.<\/p>\n<p><strong>Pokazano tak\u017ce: Kr\u00f3tkometra\u017cowy film Br\u00edet i nied\u017awiedzie w kosmosie<\/strong><\/p>\n<p class=\"translation-block\">Otwarcie Elskling poprzedzi kr\u00f3tki film <strong>Birnir og Br\u00edet<\/strong> autorstwa Erlenda Sveinssona, kt\u00f3ry opowiada histori\u0119 pary muzyk\u00f3w o tym samym nazwisku, kt\u00f3rzy pr\u00f3buj\u0105 wymaza\u0107 wspomnienia o swoim zwi\u0105zku i o sobie nawzajem w og\u00f3le. Film, kt\u00f3ry zosta\u0142 nakr\u0119cony w jednym z samolot\u00f3w Icelandair, jest swego rodzaju podr\u00f3\u017c\u0105 przez wizualny i d\u017awi\u0119kowy \u015bwiat albumu <strong>1000 words<\/strong> , kt\u00f3ry arty\u015bci niedawno wydali.<\/p>\n<p class=\"translation-block\">Tegoroczny festiwal filmowy jest dwudziestym pierwszym, odk\u0105d RIFF powsta\u0142 na pocz\u0105tku stulecia. Tym razem jego g\u0142\u00f3wn\u0105 siedzib\u0105 b\u0119dzie <strong>Teatr Uniwersytecki,<\/strong> gdzie w ka\u017cdej sali zostan\u0105 wy\u015bwietlone nowe, najwy\u017cszej jako\u015bci filmy z ca\u0142ego \u015bwiata.<\/p>","protected":false},"excerpt":{"rendered":"<p>Norsk-\u00edslenska kvikmyndager\u00f0arkonan Lilja Ing\u00f3lfsd\u00f3ttir \u00e1 hei\u00f0urinn a\u00f0 opnunarmynd Al\u00fej\u00f3\u00f0legu kvikmyndah\u00e1t\u00ed\u00f0arinnar \u00ed Reykjav\u00edk \u00ed \u00e1r, RIFF, en h\u00fan hefst \u00ed H\u00e1sk\u00f3lab\u00ed\u00f3i 26. september n\u00e6stkomandi og stendur til 6. okt\u00f3ber. Elskling eins [&hellip;]<\/p>\n","protected":false},"author":893,"featured_media":55979,"comment_status":"closed","ping_status":"open","sticky":false,"template":"","format":"standard","meta":{"_monsterinsights_skip_tracking":false,"_monsterinsights_sitenote_active":false,"_monsterinsights_sitenote_note":"","_monsterinsights_sitenote_category":0,"_price":"","_stock":"","_tribe_ticket_header":"","_tribe_default_ticket_provider":"","_tribe_ticket_capacity":"0","_ticket_start_date":"","_ticket_end_date":"","_tribe_ticket_show_description":"","_tribe_ticket_show_not_going":false,"_tribe_ticket_use_global_stock":"","_tribe_ticket_global_stock_level":"","_global_stock_mode":"","_global_stock_cap":"","_tribe_rsvp_for_event":"","_tribe_ticket_going_count":"","_tribe_ticket_not_going_count":"","_tribe_tickets_list":"[]","_tribe_ticket_has_attendee_info_fields":false,"footnotes":"","_tec_slr_enabled":"","_tec_slr_layout":""},"categories":[153],"tags":[],"class_list":["post-55978","post","type-post","status-publish","format-standard","has-post-thumbnail","hentry","category-frettir"],"ticketed":false,"_links":{"self":[{"href":"https:\/\/riff.is\/pl\/wp-json\/wp\/v2\/posts\/55978","targetHints":{"allow":["GET"]}}],"collection":[{"href":"https:\/\/riff.is\/pl\/wp-json\/wp\/v2\/posts"}],"about":[{"href":"https:\/\/riff.is\/pl\/wp-json\/wp\/v2\/types\/post"}],"author":[{"embeddable":true,"href":"https:\/\/riff.is\/pl\/wp-json\/wp\/v2\/users\/893"}],"replies":[{"embeddable":true,"href":"https:\/\/riff.is\/pl\/wp-json\/wp\/v2\/comments?post=55978"}],"version-history":[{"count":2,"href":"https:\/\/riff.is\/pl\/wp-json\/wp\/v2\/posts\/55978\/revisions"}],"predecessor-version":[{"id":56419,"href":"https:\/\/riff.is\/pl\/wp-json\/wp\/v2\/posts\/55978\/revisions\/56419"}],"wp:featuredmedia":[{"embeddable":true,"href":"https:\/\/riff.is\/pl\/wp-json\/wp\/v2\/media\/55979"}],"wp:attachment":[{"href":"https:\/\/riff.is\/pl\/wp-json\/wp\/v2\/media?parent=55978"}],"wp:term":[{"taxonomy":"category","embeddable":true,"href":"https:\/\/riff.is\/pl\/wp-json\/wp\/v2\/categories?post=55978"},{"taxonomy":"post_tag","embeddable":true,"href":"https:\/\/riff.is\/pl\/wp-json\/wp\/v2\/tags?post=55978"}],"curies":[{"name":"wp","href":"https:\/\/api.w.org\/{rel}","templated":true}]}}