{"id":9649,"date":"2020-11-18T15:06:48","date_gmt":"2020-11-18T15:06:48","guid":{"rendered":"https:\/\/riff.is\/?p=9649"},"modified":"2020-12-05T13:21:12","modified_gmt":"2020-12-05T13:21:12","slug":"riff-tekur-thatt-i-kolapse","status":"publish","type":"post","link":"https:\/\/riff.is\/pl\/riff-tekur-thatt-i-kolapse\/","title":{"rendered":"RIFF bierze udzia\u0142 w Kolapse"},"content":{"rendered":"<p>Mi\u0119dzynarodowy Festiwal Filmowy w Reykjaviku, RIFF, jest jednym z uczestnik\u00f3w Kolapse, internetowej platformy zaprojektowanej w celu wspierania mi\u0119dzynarodowego dialogu na temat kryzysu klimatycznego i spo\u0142ecznego. Arty\u015bci z r\u00f3\u017cnych dyscyplin, aktywi\u015bci i liderzy po\u0142\u0105cz\u0105 si\u0142y, zaprezentuj\u0105 swoje prace i wezm\u0105 udzia\u0142 w dyskusjach na temat przysz\u0142o\u015bci Ziemi i wyzwa\u0144, jakie przynios\u0105 nadchodz\u0105ce dekady, zgodnie z og\u0142oszeniem.<\/p>\n<p>Opr\u00f3cz RIFF, Kolapse jest reprezentowany przez stron\u0119 internetow\u0105 Kabinett, kt\u00f3ra jest platform\u0105 i spo\u0142eczno\u015bci\u0105 artyst\u00f3w, kt\u00f3rych celem jest podnoszenie \u015bwiadomo\u015bci, do\u015bwiadczanie chwil spokoju, s\u0142uchanie muzyki, ogl\u0105danie film\u00f3w i podejmowanie krok\u00f3w naprz\u00f3d w pilnej walce o \u015brodowisko i rozwi\u0105zywanie problem\u00f3w spo\u0142ecznych, z kt\u00f3rymi borykamy si\u0119 obecnie.<\/p>\n<h3>Rozpocz\u0119to w Argentynie<\/h3>\n<p>Kolapse rozpoczyna si\u0119 19 listopada i potrwa do 21 lutego przysz\u0142ego roku i jest opisywany jako platforma, kt\u00f3ra zosta\u0142a stworzona w Argentynie oko\u0142o rok temu. Edo Costantini, dyrektor Kabinett we wsp\u00f3\u0142pracy z rz\u0105dem tego kraju, muzyk Patti Smith i inni om\u00f3wili obecne problemy stoj\u0105ce przed \u015bwiatem i to, w jaki spos\u00f3b Argentyna mo\u017ce odegra\u0107 wiod\u0105c\u0105 rol\u0119 w walce z tymi zagro\u017ceniami.<\/p>\n<p>W o\u015bwiadczeniu RIFF podkre\u015bla\u0142 takie kwestie w swoich programach w ostatnich latach, na przyk\u0142ad w kategorii Lepszy \u015bwiat, gdzie \u015bwiat\u0142o reflektor\u00f3w zawsze skierowane jest na stan \u015bwiata i problemy, z kt\u00f3rymi si\u0119 zmaga, w tym zmiany klimatyczne. \u201eCzy mo\u017cemy trwa\u0107 w niesko\u0144czono\u015b\u0107, jakby nic si\u0119 nie wydarzy\u0142o? Czy Ziemia wytrzyma ten atak? Jakie jest nasze moralne sumienie wobec siebie i innych? Odpowiedzi na takie pytania utrzymuj\u0105 nas na RIFF przy tym temacie; nasz\u0105 pasj\u0105 jest przekazywanie interesuj\u0105cych i pilnych wiadomo\u015bci o stanie \u015bwiata poprzez projekcje wybranych film\u00f3w oraz r\u00f3\u017cne dyskusje i wydarzenia. Wierzymy, \u017ce lepszy \u015bwiat jest mo\u017cliwy i \u017ce filmy mog\u0105 odegra\u0107 w tym kluczow\u0105 rol\u0119. Maj\u0105 one moc wprowadzania zmian, kt\u00f3re s\u0105 potrzebne i wa\u017cne\u201d, m\u00f3wi o\u015bwiadczenie RIFF.<\/p>\n<h3>Trzy prace<\/h3>\n<p>RIFF prezentuje trzy dzie\u0142a na festiwalu: film otwieraj\u0105cy Last And First Men J\u00f3hanna J\u00f3hannsona oraz wywiad z operatorem filmu, Sturl\u0105 Brandtem Gr\u00f6vlenem, na temat powstawania filmu. Drugim filmem jest austriacki film Earth Nikolausa Geyrhaltera, kt\u00f3ry by\u0142 na RIFF w zesz\u0142ym roku, a tak\u017ce odb\u0119dzie si\u0119 wyk\u0142ad TED Andriego Sn\u00e6sa Magnasona, pisarza i filmowca, na temat jego najnowszej ksi\u0105\u017cki About Time and Water, kt\u00f3ra zosta\u0142a nagrana specjalnie we wsp\u00f3\u0142pracy z Iceland Naturally in English, a tak\u017ce specjalne wydarzenie About Time and Water z Andrim Sn\u00e6sem i H\u00f6gnim Egilssonem, kt\u00f3re zosta\u0142o nagrane w City Theatre w zesz\u0142ym tygodniu i jest wynikiem wsp\u00f3\u0142pracy z Nordic Museum w Seattle, USA i Kolapse. Ann\u00ed \u00d3lafsd\u00f3ttir re\u017cyseruje wideo, a Lind H\u00f6skuldsd\u00f3ttir je montuje.<\/p>\n<p>Wi\u0119cej informacji mo\u017cna znale\u017a\u0107 na stronie <a href=\"http:\/\/wea\u00adreka\u00adbinett.com\" rel=\"nofollow noopener\" target=\"_blank\">wearekabinet.com<\/a> a tutaj mo\u017cecie zobaczy\u0107 kr\u00f3tki zwiastun Last and First Men:<\/p>\n<p><iframe src=\"https:\/\/www.youtube.com\/embed\/nqDBlBKlbDA\" width=\"560\" height=\"500\" frameborder=\"0\" allowfullscreen=\"allowfullscreen\"><\/iframe><\/p>","protected":false},"excerpt":{"rendered":"<p>Al\u00fej\u00f3\u00f0leg kvik\u00admynda\u00adh\u00e1t\u00ed\u00f0 \u00ed Reykja\u00adv\u00edk, RIFF, er me\u00f0al \u00feeirra sem taka \u00fe\u00e1tt \u00ed Kolap\u00adse, ra\u00adf\u00adr\u00e6n\u00adum vett\u00advangi sem \u00e6tla\u00f0 er a\u00f0 stu\u00f0la a\u00f0 sam\u00adtali \u00fej\u00f3\u00f0a um ney\u00f0ar\u00e1stand \u00ed lofts\u00adlags- og sam\u00adf\u00e9\u00adlags\u00adm\u00e1l\u00adum. Lista\u00admenn [&hellip;]<\/p>\n","protected":false},"author":893,"featured_media":9868,"comment_status":"closed","ping_status":"open","sticky":false,"template":"","format":"standard","meta":{"_monsterinsights_skip_tracking":false,"_monsterinsights_sitenote_active":false,"_monsterinsights_sitenote_note":"","_monsterinsights_sitenote_category":0,"_price":"","_stock":"","_tribe_ticket_header":"","_tribe_default_ticket_provider":"","_tribe_ticket_capacity":"0","_ticket_start_date":"","_ticket_end_date":"","_tribe_ticket_show_description":"","_tribe_ticket_show_not_going":false,"_tribe_ticket_use_global_stock":"","_tribe_ticket_global_stock_level":"","_global_stock_mode":"","_global_stock_cap":"","_tribe_rsvp_for_event":"","_tribe_ticket_going_count":"","_tribe_ticket_not_going_count":"","_tribe_tickets_list":"[]","_tribe_ticket_has_attendee_info_fields":false,"footnotes":"","_tec_slr_enabled":"","_tec_slr_layout":""},"categories":[153],"tags":[],"class_list":["post-9649","post","type-post","status-publish","format-standard","has-post-thumbnail","hentry","category-frettir"],"ticketed":false,"_links":{"self":[{"href":"https:\/\/riff.is\/pl\/wp-json\/wp\/v2\/posts\/9649","targetHints":{"allow":["GET"]}}],"collection":[{"href":"https:\/\/riff.is\/pl\/wp-json\/wp\/v2\/posts"}],"about":[{"href":"https:\/\/riff.is\/pl\/wp-json\/wp\/v2\/types\/post"}],"author":[{"embeddable":true,"href":"https:\/\/riff.is\/pl\/wp-json\/wp\/v2\/users\/893"}],"replies":[{"embeddable":true,"href":"https:\/\/riff.is\/pl\/wp-json\/wp\/v2\/comments?post=9649"}],"version-history":[{"count":5,"href":"https:\/\/riff.is\/pl\/wp-json\/wp\/v2\/posts\/9649\/revisions"}],"predecessor-version":[{"id":10155,"href":"https:\/\/riff.is\/pl\/wp-json\/wp\/v2\/posts\/9649\/revisions\/10155"}],"wp:featuredmedia":[{"embeddable":true,"href":"https:\/\/riff.is\/pl\/wp-json\/wp\/v2\/media\/9868"}],"wp:attachment":[{"href":"https:\/\/riff.is\/pl\/wp-json\/wp\/v2\/media?parent=9649"}],"wp:term":[{"taxonomy":"category","embeddable":true,"href":"https:\/\/riff.is\/pl\/wp-json\/wp\/v2\/categories?post=9649"},{"taxonomy":"post_tag","embeddable":true,"href":"https:\/\/riff.is\/pl\/wp-json\/wp\/v2\/tags?post=9649"}],"curies":[{"name":"wp","href":"https:\/\/api.w.org\/{rel}","templated":true}]}}